{"id":3841,"date":"2017-10-30T00:20:08","date_gmt":"2017-10-29T22:20:08","guid":{"rendered":"http:\/\/www.feuerwehrkostheim.de\/?p=3841"},"modified":"2018-06-02T14:03:31","modified_gmt":"2018-06-02T13:03:31","slug":"carport-geht-in-flammen-auf-feuer-greift-auf-angrenzende-haeuser-ueber-keine-verletzten","status":"publish","type":"post","link":"https:\/\/www.feuerwehrkostheim.de\/?p=3841","title":{"rendered":"Carport geht in Flammen auf &#8211; Feuer greift auf angrenzende H\u00e4user \u00fcber &#8211; keine Verletzten"},"content":{"rendered":"<p><img loading=\"lazy\" decoding=\"async\" class=\"alignleft\" title=\"Einsatz-Logo\" src=\"http:\/\/www.feuerwehrkostheim.de\/wp-content\/bilder\/sonstige\/logo_einsatz.jpg\" alt=\"Einsatz-Logo\" width=\"100\" height=\"100\" \/><strong>29. Oktober 2017 &#8211; 13:17 Uhr<\/strong><br \/>\n<strong>Flo\u00dfhafenstra\u00dfe<\/strong><br \/>\nFF-Einheit<br \/>\nEinsatz 94 &#8211; 2017<\/p>\n<p><img loading=\"lazy\" decoding=\"async\" class=\"alignright size-medium\" style=\"border: 4px solid #D8D8D8;\" src=\"https:\/\/farm5.staticflickr.com\/4490\/37992191072_1e8c3693e8_n.jpg\" width=\"211\" height=\"320\" \/>Dramatische Szenen spielten sich am Sonntagmittag in der Flo\u00dfhafenstra\u00dfe ab. Kurz nach 13 Uhr kam es zu einem Brand im Bereich eines Carportes, der genau zwischen zwei Einfamilienh\u00e4usern errichtet war und unter dem zwei PKW\u00b4s abgestellt waren. Da das Feuer sich rasend schnell auf die zwei angrenzenden Fassaden, die mit W\u00e4rmeverbundplatten isoliert waren, ausbreitete, war der Fluchtweg f\u00fcr zwei Bewohner versperrt. Noch w\u00e4hrend die ersten Notrufe in der Zentralen Leitstelle eingingen, starteten couragierte Nachbarn eine vorbildliche Rettungstat. Sie halfen dem \u00e4lteren Bewohnerpaar, ihr Geb\u00e4ude \u00fcber die Fenster im Erdgeschoss zu verlassen. Auch trotz des Umstandes, dass der Mann zudem noch gesundheitlich angeschlagen und nicht bei vollen Kr\u00e4ften war, schafften sie es, beide unversehrt aus dem Geb\u00e4ude zu retten.<\/p>\n<p>Seitens der Rettungskr\u00e4fte wurden zuerst die Freiwillige Feuerwehr Kostheim, ein L\u00f6schzug der Berufsfeuerwehr sowie Einheiten des Rettungsdienstes alarmiert. Aufgrund der Vielzahl der eingehenden Notrufe und der daraus erhaltenen Schilderungen erh\u00f6hten die Verantwortlichen das Einsatzstichwort auf die n\u00e4chst h\u00f6here Alarmstufe 2. Zu diesem fr\u00fchen Zeitpunkt waren noch die Einheiten auf der Anfahrt zur Einsatzstelle. Umgehend alarmierte man einen weiteren L\u00f6schzug nach Kostheim.<\/p>\n<p><!--more--><img loading=\"lazy\" decoding=\"async\" class=\"alignleft size-medium\" style=\"border: 4px solid #D8D8D8;\" src=\"https:\/\/farm5.staticflickr.com\/4473\/37992169272_233e58eb2d_n.jpg\" width=\"320\" height=\"213\" \/>Nach Eintreffen der Feuerwehr stand der Bereich zwischen beiden H\u00e4usern in Vollbrand und das Feuer griff schon auf den Dachstuhl eines der direkt angrenzenden H\u00e4user \u00fcber. Dichter Rauch drang aus der H\u00e4userspalte. Parallel zur Kontrolle beider H\u00e4user nach weiteren betroffenen Personen, baute man die Wasserversorgung auf und begann mit der Brandbek\u00e4mpfung. Insgesamt kamen vier Strahlrohre sowie das Wenderohr der ebenfalls in Stellung gebrachten Drehleiter zum Einsatz. Aufgrund der massiven Rauchentwicklung r\u00fcsteten sich die vorgehenden Trupps mit schwerem Atemschutz aus um selbst nicht gef\u00e4hrdet zu werden.<\/p>\n<p><img loading=\"lazy\" decoding=\"async\" class=\"size-medium alignright\" style=\"border: 4px solid #D8D8D8;\" src=\"https:\/\/farm5.staticflickr.com\/4466\/37969558266_c9d14dd225_n.jpg\" width=\"320\" height=\"213\" \/>Da insgesamt 11 betroffene Personen \u2013 alle gl\u00fccklicher Weise unverletzt \u2013 betreut werden mussten, wurde seitens des Rettungsdienstes ebenfalls ein Gro\u00dfaufgebot an Kr\u00e4ften alarmiert. Neben den Rettungswagen kam die technische Einsatzleitung Rettungsdienst zum Einsatz. Zudem war der Betreuungsbus von der Feuerwehr f\u00fcr die zu Betreuenden in der Hauptstra\u00dfe positioniert und eine Sondereinsatzgruppe \u201eBetreuung\u201c stellte das Betreuungspersonal. Weiterhin war die Seelsorge in Notf\u00e4llen als Unterst\u00fctzung hinzugezogen worden.<\/p>\n<p>Durch den letztendlich massiv aufgebauten L\u00f6schangriff konnte eine weitere Brandausbreitung auf die angrenzenden Geb\u00e4ude verhindert werden. Dennoch sind beide H\u00e4user derzeit unbewohnbar.<\/p>\n<p><img loading=\"lazy\" decoding=\"async\" class=\"alignleft size-medium\" style=\"border: 4px solid #D8D8D8;\" src=\"https:\/\/farm5.staticflickr.com\/4463\/38023080651_7388dcb6ec_n.jpg\" width=\"320\" height=\"213\" \/>Bei den umfangreichen Nachl\u00f6scharbeiten entfernte man die losen Putzstreifen an den jeweiligen Giebelw\u00e4nden. Ein Teil des Daches, wo sich das Feuer hatte hineinfressen k\u00f6nnen, musste abgedeckt und abgel\u00f6scht werden. Der Carport sowie die zwei darunter abgestellten Fahrzeuge brannten komplett nieder.<\/p>\n<p>F\u00fcr die Verpflegung der Einsatzkr\u00e4fte stellte die Feuerwehr den Abrollbeh\u00e4lter-Sozial in der Hauptstra\u00dfe auf. Wegen der Vielzahl an Atemschutztrupps, war auch der Abrollbeh\u00e4lter-Atemschutz an die Einsatzstelle beordert worden. Nach Abschluss der L\u00f6scharbeiten unterst\u00fctze man eine Fachfirma beim Anbringen einer Wetterschutzplane, die verhindern soll, dass neben dem ohnehin vorhandenen Schaden durch Brand und L\u00f6schwasser noch m\u00f6glicher Regen weiteren Schaden anrichten kann.<\/p>\n<p>Zum sp\u00e4ten Nachmittag hin, konnten die ersten Einheiten von dem Brandort abr\u00fccken. Als kurz vor Abschluss des Feuerwehreinsatzes bei einer der letzten Kontrollrunden massiver Benzingeruch in einem der angrenzenden Keller festgestellt wurde, musste kurzzeitig wieder ein Teil des zuvor schon abgebauten Materials aufgebaut werden. Es wird vermutet, dass sich D\u00e4mpfe von aus den ausgebrannten Fahrzeugen ausgetretenen Benzin in den Kellerr\u00e4umen sammeln konnte. Die R\u00e4ume des betroffenen Hauses konnte man mit dem Einsatz eines Hochleistungsl\u00fcfters von dem Benzingeruch befreien.<\/p>\n<p><img loading=\"lazy\" decoding=\"async\" class=\"alignright size-medium\" style=\"border: 4px solid #D8D8D8;\" src=\"https:\/\/farm5.staticflickr.com\/4453\/38023095441_28d84253a7_n.jpg\" width=\"240\" height=\"320\" \/>Etwa sechs Stunden nach Alarmierung konnte der Einsatz beendet werden. Von den Bewohnern der zwei aktuell nicht bewohnbaren H\u00e4usern konnte ein Paar bei Bekannten unterkommen, f\u00fcr die zweiten Eigent\u00fcmer konnte ein Zimmer in einem Kostheimer Hotel organisiert werden. Bevor sie die Einsatzstelle in Richtung ihrer Notunterk\u00fcnfte verlie\u00dfen, hatten sie noch einmal Gelegenheit, unter Begleitung von Einsatzkr\u00e4ften aus ihren H\u00e4usern zumindest Medikamente und n\u00f6tige Dokumente zu holen.<\/p>\n<p>Die Brandermittler der Polizei haben schon w\u00e4hrend des Einsatzes die Ermittlungen zur m\u00f6glichen Brandursache aufgenommen und setzen diese am morgigen Montag fort. Die erste vorsichtige Schadensh\u00f6he wird mit etwa 150.000\u20ac angegeben. Die Hauptstra\u00dfe war f\u00fcr die gesamte Dauer der L\u00f6scharbeiten voll gesperrt. Neben dem Individualverkehr mussten auch die Linienbusse gro\u00dfr\u00e4umig umgeleitet werden.<br \/>\nIm Rahmen einer Brandnachschau wird im Laufe der Nacht die Einsatzstelle noch mindestens einmal auf m\u00f6gliche Glutnester oder wieder aufkommende Benzind\u00e4mpfe durch die Kollegen der Berufsfeuerwehr kontrolliert.<\/p>\n<p>Die Kostheimer Feuerwehr war mit insgesamt 28 Kameraden und allen drei Einsatzfahrzeugen vor Ort. Die verwaiste Wache 2 wurde mit den Kollegen der Wehren Medenbach und Auringen besetzt.<\/p>\n<p>Besondere Anerkennung verdienen die umsichtigen Nachbarn, die keine Sekunde gez\u00f6gert haben, die zwei Bewohner &#8211; deren Weg ins freie durch das Feuer versperrt war \u2013 \u00fcber ein Erdgeschossfenster aus dem Haus zu helfen.<\/p>\n<p><em>&#8212; Vielen Dank an Wiesbaden112.de, f\u00fcr die zur Verf\u00fcgungstellung von Bildmaterial &#8212; <\/em><\/p>\n<p>[FAGP id=3842]<\/p>\n","protected":false},"excerpt":{"rendered":"<p>29. Oktober 2017 &#8211; 13:17 Uhr Flo\u00dfhafenstra\u00dfe FF-Einheit Einsatz 94 &#8211; 2017 Dramatische Szenen spielten sich am Sonntagmittag in der Flo\u00dfhafenstra\u00dfe ab. Kurz nach 13 Uhr kam es zu einem Brand im Bereich eines Carportes, der genau zwischen zwei Einfamilienh\u00e4usern errichtet war und unter dem zwei PKW\u00b4s abgestellt waren. Da das Feuer sich rasend schnell [&hellip;]<\/p>\n","protected":false},"author":1,"featured_media":0,"comment_status":"closed","ping_status":"open","sticky":false,"template":"","format":"standard","meta":{"_et_pb_use_builder":"","_et_pb_old_content":"","_et_gb_content_width":"","_crdt_document":"","footnotes":""},"categories":[5],"tags":[50,1032,527,305,309,900,286],"class_list":["post-3841","post","type-post","status-publish","format-standard","hentry","category-einsatze","tag-brand","tag-carport","tag-dach","tag-dachstuhl","tag-grossbrand","tag-isolierung","tag-rettung"],"_links":{"self":[{"href":"https:\/\/www.feuerwehrkostheim.de\/index.php?rest_route=\/wp\/v2\/posts\/3841","targetHints":{"allow":["GET"]}}],"collection":[{"href":"https:\/\/www.feuerwehrkostheim.de\/index.php?rest_route=\/wp\/v2\/posts"}],"about":[{"href":"https:\/\/www.feuerwehrkostheim.de\/index.php?rest_route=\/wp\/v2\/types\/post"}],"author":[{"embeddable":true,"href":"https:\/\/www.feuerwehrkostheim.de\/index.php?rest_route=\/wp\/v2\/users\/1"}],"replies":[{"embeddable":true,"href":"https:\/\/www.feuerwehrkostheim.de\/index.php?rest_route=%2Fwp%2Fv2%2Fcomments&post=3841"}],"version-history":[{"count":0,"href":"https:\/\/www.feuerwehrkostheim.de\/index.php?rest_route=\/wp\/v2\/posts\/3841\/revisions"}],"wp:attachment":[{"href":"https:\/\/www.feuerwehrkostheim.de\/index.php?rest_route=%2Fwp%2Fv2%2Fmedia&parent=3841"}],"wp:term":[{"taxonomy":"category","embeddable":true,"href":"https:\/\/www.feuerwehrkostheim.de\/index.php?rest_route=%2Fwp%2Fv2%2Fcategories&post=3841"},{"taxonomy":"post_tag","embeddable":true,"href":"https:\/\/www.feuerwehrkostheim.de\/index.php?rest_route=%2Fwp%2Fv2%2Ftags&post=3841"}],"curies":[{"name":"wp","href":"https:\/\/api.w.org\/{rel}","templated":true}]}}