{"id":3815,"date":"2017-09-27T15:06:00","date_gmt":"2017-09-27T13:06:00","guid":{"rendered":"http:\/\/www.feuerwehrkostheim.de\/?p=3815"},"modified":"2018-06-02T14:03:31","modified_gmt":"2018-06-02T13:03:31","slug":"praktische-ausbildung-am-abbruchgebaeude","status":"publish","type":"post","link":"https:\/\/www.feuerwehrkostheim.de\/?p=3815","title":{"rendered":"Praktische Ausbildung am Abbruchgeb\u00e4ude"},"content":{"rendered":"<p><img loading=\"lazy\" decoding=\"async\" class=\"alignright \" style=\"border: 4px solid #D8D8D8;\" src=\"https:\/\/farm5.staticflickr.com\/4346\/36666761343_d503bebce2_n.jpg\" width=\"160\" height=\"213\" \/> Obwohl schon die ein oder andere \u00dcbung am zum Abbruch anstehenden Geb\u00e4udekomplex in der Zelterstra\u00dfe 1-5 durch die Kostheimer Feuerwehr abgehalten wurde, lie\u00dfen es sich die Aktiven der Einsatzabteilung sowie der Jugendfeuerwehr nicht nehmen, in dem Mehrfamilienhaus am letzt m\u00f6glichen Wochenende praktisch zu \u00fcben.<\/p>\n<p>Am Freitagabend lag der \u00dcbungsschwerpunkt der \u201eGro\u00dfen\u201c bei der Vornahme von tragbaren Leitern, um im Ernstfall ohne die Nutzung des Treppenhauses in ein Geb\u00e4ude vorzugehen sowie dem Absuchen von verrauchten Wohnungen nach Verletzten. Um so realit\u00e4tsnah wie nur m\u00f6glich trainieren zu k\u00f6nnen, waren mittels Nebelmaschinen die oberen Stockwerke komplett vernebelt worden. Nach dem Aufbau der etwa 70 Kilogramm schweren Schiebleiter musste der zu erst vorgehende Trupp unter schwerem Atemschutz erst die Fensterscheibe im dritten Stock einschlagen um danach sicher in die Wohnung \u00fcbersteigen zu k\u00f6nnen.<\/p>\n<p><img loading=\"lazy\" decoding=\"async\" class=\"alignleft\" style=\"border: 4px solid #D8D8D8;\" src=\"https:\/\/farm5.staticflickr.com\/4467\/37288929106_5033a9babe_n.jpg\" width=\"160\" height=\"213\" \/> Aufgrund der Gr\u00f6\u00dfe des Objektes konnte dies parallel von weiteren Trupps praktiziert werden. Insgesamt stellte man an Geb\u00e4udevorder- und R\u00fcckseite jeweils eine Steckleiter f\u00fcr den Zutritt ins zweite Obergeschoss und je eine Schiebleiter um den dar\u00fcberliegenden dritten Stock zu erreichen. Da nicht alle Tage die Fenster an den \u00dcbungsobjekten eingeschlagen werden k\u00f6nnen, war man froh, dies nun an diesem Geb\u00e4ude einmal realistisch durchf\u00fchren zu k\u00f6nnen. Nach etwa zwei Stunden einer regelrechten Materialschlacht, waren die f\u00fcr diesen Abend gesteckten \u00dcbungsziele erreicht und man begann mit dem Abbau der Ger\u00e4tschaften.<\/p>\n<p><!--more--><\/p>\n<p><img loading=\"lazy\" decoding=\"async\" class=\"alignright \" style=\"border: 4px solid #D8D8D8;\" src=\"https:\/\/farm5.staticflickr.com\/4344\/37289287976_bf6a1cdf0f_n.jpg\" width=\"213\" height=\"160\" \/> Am Samstag nutzte dann auch der Feuerwehrnachwuchs das Haus, um in ihrem \u00dcbungsdienst den Aufbau, das richtige Stellen und Besteigen der bei der Feuerwehr vorhandenen tragbaren Leitern zu \u00fcben. Auch die \u201eKleinen\u201c brachten die Schieb- und Steckleitern am Geb\u00e4ude in Stellung und gelangten \u00fcber diese in die oben gelegenen Stockwerke des Mehrfamilienhauses. Auch wenn keiner gezwungen wurde die Leiter zu besteigen, waren einige dabei, die zum ersten Mal in luftige H\u00f6he kletterten und von der Leiter in das angrenzende Zimmer \u00fcberstiegen \u2013 nat\u00fcrlich zus\u00e4tzlich mit einer Feuerwehrleine gesichert.<\/p>\n<p><img loading=\"lazy\" decoding=\"async\" class=\"alignleft\" style=\"border: 4px solid #D8D8D8;\" src=\"https:\/\/farm5.staticflickr.com\/4447\/37336427361_afaf9d59ea_n.jpg\" width=\"160\" height=\"213\" \/> Bei der Jugendfeuerwehr \u2013 dem etwas anderen Hobby von Jugendlichen \u2013 wird der Nachwuchs schon in fr\u00fchen Jahren mit den Leitern und den damit verbundenen M\u00f6glichkeiten konfrontiert um ihnen die eventuell vorhandenen Bedenken oder Angst zu nehmen. Wie auch schon bei den Aktiven, bekamen auch die Jugendlichen gezeigt, wie man im Fall der F\u00e4lle eine Fensterscheibe korrekt und ohne sich selbst zu verletzen einschl\u00e4gt. Auch f\u00fcr diese Zwecke sind gerade solche \u00dcbungsobjekte von enormer Bedeutung.<\/p>\n<p><strong>Die Kostheimer Feuerwehr m\u00f6chte sich an dieser Stelle noch einmal ausdr\u00fccklich bei der<\/strong> <strong>Wiesbadener Wohnbaugesellschaft GWW bedanken<\/strong>, die es als Eigent\u00fcmerin dieser Geb\u00e4ude erst erm\u00f6glicht hat, solche realit\u00e4tsnahe und intensive \u00dcbungen durchf\u00fchren zu k\u00f6nnen. Sie bilden einen wichtigen Baustein in der praktischen Ausbildung der Feuerwehr.<\/p>\n<p>&nbsp;<\/p>\n<p><strong>Einsatzabteilung &#8211; 22.09.17<\/strong><br \/>\n[FAGP id=3813]<\/p>\n<p><strong>Jugendfeuerwehr 23.09.17<br \/>\n<\/strong>[FAGP id=3814]<\/p>\n","protected":false},"excerpt":{"rendered":"<p>Obwohl schon die ein oder andere \u00dcbung am zum Abbruch anstehenden Geb\u00e4udekomplex in der Zelterstra\u00dfe 1-5 durch die Kostheimer Feuerwehr abgehalten wurde, lie\u00dfen es sich die Aktiven der Einsatzabteilung sowie der Jugendfeuerwehr nicht nehmen, in dem Mehrfamilienhaus am letzt m\u00f6glichen Wochenende praktisch zu \u00fcben. Am Freitagabend lag der \u00dcbungsschwerpunkt der \u201eGro\u00dfen\u201c bei der Vornahme von [&hellip;]<\/p>\n","protected":false},"author":1,"featured_media":0,"comment_status":"closed","ping_status":"open","sticky":false,"template":"","format":"standard","meta":{"_et_pb_use_builder":"","_et_pb_old_content":"","_et_gb_content_width":"","_crdt_document":"","footnotes":""},"categories":[4,7],"tags":[867,824,219,1026,1027,105],"class_list":["post-3815","post","type-post","status-publish","format-standard","hentry","category-einsatzabteilung","category-jugendfeuerwehr","tag-abbruchhaus","tag-leiter","tag-mehrfamilienhaus","tag-schiebleiter","tag-steckleiter","tag-ubung"],"_links":{"self":[{"href":"https:\/\/www.feuerwehrkostheim.de\/index.php?rest_route=\/wp\/v2\/posts\/3815","targetHints":{"allow":["GET"]}}],"collection":[{"href":"https:\/\/www.feuerwehrkostheim.de\/index.php?rest_route=\/wp\/v2\/posts"}],"about":[{"href":"https:\/\/www.feuerwehrkostheim.de\/index.php?rest_route=\/wp\/v2\/types\/post"}],"author":[{"embeddable":true,"href":"https:\/\/www.feuerwehrkostheim.de\/index.php?rest_route=\/wp\/v2\/users\/1"}],"replies":[{"embeddable":true,"href":"https:\/\/www.feuerwehrkostheim.de\/index.php?rest_route=%2Fwp%2Fv2%2Fcomments&post=3815"}],"version-history":[{"count":0,"href":"https:\/\/www.feuerwehrkostheim.de\/index.php?rest_route=\/wp\/v2\/posts\/3815\/revisions"}],"wp:attachment":[{"href":"https:\/\/www.feuerwehrkostheim.de\/index.php?rest_route=%2Fwp%2Fv2%2Fmedia&parent=3815"}],"wp:term":[{"taxonomy":"category","embeddable":true,"href":"https:\/\/www.feuerwehrkostheim.de\/index.php?rest_route=%2Fwp%2Fv2%2Fcategories&post=3815"},{"taxonomy":"post_tag","embeddable":true,"href":"https:\/\/www.feuerwehrkostheim.de\/index.php?rest_route=%2Fwp%2Fv2%2Ftags&post=3815"}],"curies":[{"name":"wp","href":"https:\/\/api.w.org\/{rel}","templated":true}]}}