{"id":3799,"date":"2017-09-16T18:55:28","date_gmt":"2017-09-16T16:55:28","guid":{"rendered":"http:\/\/www.feuerwehrkostheim.de\/?p=3799"},"modified":"2018-06-02T14:03:32","modified_gmt":"2018-06-02T13:03:32","slug":"brandverdacht-in-der-hochheimer-strasse","status":"publish","type":"post","link":"https:\/\/www.feuerwehrkostheim.de\/?p=3799","title":{"rendered":"Brandverdacht in der Hochheimer Stra\u00dfe"},"content":{"rendered":"<p><img loading=\"lazy\" decoding=\"async\" class=\"alignleft\" title=\"Einsatz-Logo\" src=\"http:\/\/www.feuerwehrkostheim.de\/wp-content\/bilder\/sonstige\/logo_einsatz.jpg\" alt=\"Einsatz-Logo\" width=\"100\" height=\"100\" \/><strong>16. September 2017 &#8211; 08:37 Uhr<\/strong><br \/>\n<strong>Hochheimer Stra\u00dfe<\/strong><br \/>\nFF-Einheit<br \/>\nEinsatz 90 &#8211; 2017<\/p>\n<p><a href=\"http:\/\/www.feuerwehrkostheim.de\/wp-content\/uploads\/2017\/09\/20170916_Brandverdacht.jpg\"><img loading=\"lazy\" decoding=\"async\" class=\"alignright size-medium wp-image-3798\" style=\"border: 4px solid #D8D8D8;\" src=\"http:\/\/www.feuerwehrkostheim.de\/wp-content\/uploads\/2017\/09\/20170916_Brandverdacht-300x225.jpg\" alt=\"\" width=\"300\" height=\"225\" srcset=\"https:\/\/www.feuerwehrkostheim.de\/wp-content\/uploads\/2017\/09\/20170916_Brandverdacht-300x225.jpg 300w, https:\/\/www.feuerwehrkostheim.de\/wp-content\/uploads\/2017\/09\/20170916_Brandverdacht-768x576.jpg 768w, https:\/\/www.feuerwehrkostheim.de\/wp-content\/uploads\/2017\/09\/20170916_Brandverdacht-1024x768.jpg 1024w, https:\/\/www.feuerwehrkostheim.de\/wp-content\/uploads\/2017\/09\/20170916_Brandverdacht.jpg 1800w\" sizes=\"(max-width: 300px) 100vw, 300px\" \/><\/a>Die Kameraden der Kostheimer Feuerwehr trafen gerade auf der Feuerwache 2 ein, um mit den Aufbauarbeiten f\u00fcr den Tag der offenen T\u00fcr zu beginnen, als nicht nur der Wachalarm sondern auch die Kostheimer Melder ausgel\u00f6st wurden. Zusammen mit dem L\u00f6schzug der Berufsfeuerwehr fuhr man in die Hochheimer Stra\u00dfe, von wo ein piepsender Rauchmelder samt wahrnehmbarem Brandgeruch gemeldet war. Nach dem Eintreffen in der Siedlung, konnten die Einsatzkr\u00e4fte die Meldungen best\u00e4tigen. Da niemand der Feuerwehr \u00f6ffnete, brachte man die Drehleiter in Stellung um die Dachgeschosswohnung zu kontrollieren. \u00dcber ein gekipptes Fenster verschaffte man sich Zugang zu den R\u00e4umlichkeiten ohne gro\u00dfen Schaden anzurichten und stellte einen angeschalteten Herd fest, auf dem versehentlich liegende Dinge kokelten. Das Malheur konnte schnell beseitigt und die Wohnung gel\u00fcftet werden. Nach einer halben Stunde beendete die Feuerwehr den Einsatz. Es ging gesammelt wieder zur\u00fcck auf die Feuerwache 2, wo den Kameraden noch ein langer Tag bevorstand.<\/p>\n","protected":false},"excerpt":{"rendered":"<p>16. September 2017 &#8211; 08:37 Uhr Hochheimer Stra\u00dfe FF-Einheit Einsatz 90 &#8211; 2017 Die Kameraden der Kostheimer Feuerwehr trafen gerade auf der Feuerwache 2 ein, um mit den Aufbauarbeiten f\u00fcr den Tag der offenen T\u00fcr zu beginnen, als nicht nur der Wachalarm sondern auch die Kostheimer Melder ausgel\u00f6st wurden. Zusammen mit dem L\u00f6schzug der Berufsfeuerwehr [&hellip;]<\/p>\n","protected":false},"author":1,"featured_media":0,"comment_status":"closed","ping_status":"open","sticky":false,"template":"","format":"standard","meta":{"_et_pb_use_builder":"","_et_pb_old_content":"","_et_gb_content_width":"","_crdt_document":"","footnotes":""},"categories":[5],"tags":[112,1022,18,886],"class_list":["post-3799","post","type-post","status-publish","format-standard","hentry","category-einsatze","tag-brandverdacht","tag-dachgeschosswohnung","tag-drehleiter","tag-herd"],"_links":{"self":[{"href":"https:\/\/www.feuerwehrkostheim.de\/index.php?rest_route=\/wp\/v2\/posts\/3799","targetHints":{"allow":["GET"]}}],"collection":[{"href":"https:\/\/www.feuerwehrkostheim.de\/index.php?rest_route=\/wp\/v2\/posts"}],"about":[{"href":"https:\/\/www.feuerwehrkostheim.de\/index.php?rest_route=\/wp\/v2\/types\/post"}],"author":[{"embeddable":true,"href":"https:\/\/www.feuerwehrkostheim.de\/index.php?rest_route=\/wp\/v2\/users\/1"}],"replies":[{"embeddable":true,"href":"https:\/\/www.feuerwehrkostheim.de\/index.php?rest_route=%2Fwp%2Fv2%2Fcomments&post=3799"}],"version-history":[{"count":0,"href":"https:\/\/www.feuerwehrkostheim.de\/index.php?rest_route=\/wp\/v2\/posts\/3799\/revisions"}],"wp:attachment":[{"href":"https:\/\/www.feuerwehrkostheim.de\/index.php?rest_route=%2Fwp%2Fv2%2Fmedia&parent=3799"}],"wp:term":[{"taxonomy":"category","embeddable":true,"href":"https:\/\/www.feuerwehrkostheim.de\/index.php?rest_route=%2Fwp%2Fv2%2Fcategories&post=3799"},{"taxonomy":"post_tag","embeddable":true,"href":"https:\/\/www.feuerwehrkostheim.de\/index.php?rest_route=%2Fwp%2Fv2%2Ftags&post=3799"}],"curies":[{"name":"wp","href":"https:\/\/api.w.org\/{rel}","templated":true}]}}