{"id":3790,"date":"2017-09-07T21:22:00","date_gmt":"2017-09-07T19:22:00","guid":{"rendered":"http:\/\/www.feuerwehrkostheim.de\/?p=3790"},"modified":"2018-06-02T14:03:32","modified_gmt":"2018-06-02T13:03:32","slug":"person-von-weisenauer-bruecke-in-den-rhein-gestuerzt","status":"publish","type":"post","link":"https:\/\/www.feuerwehrkostheim.de\/?p=3790","title":{"rendered":"Frau von Weisenauer Br\u00fccke in den Rhein gest\u00fcrzt"},"content":{"rendered":"<p><img loading=\"lazy\" decoding=\"async\" class=\"alignleft\" title=\"Einsatz-Logo\" src=\"http:\/\/www.feuerwehrkostheim.de\/wp-content\/bilder\/sonstige\/logo_einsatz.jpg\" alt=\"Einsatz-Logo\" width=\"100\" height=\"100\" \/><strong>07. September 2017 &#8211; 09:19 Uhr<\/strong><br \/>\n<strong>Rhein<\/strong><br \/>\nEinzelfahrzeugalarmierung<br \/>\nEinsatz 88 &#8211; 2017<\/p>\n<p>Am Donnerstagmorgen wurden erneut die Einheiten des Wasserrettungskonzeptes alarmiert, da die Meldung \u00fcber eine von der Weisenauer Br\u00fccke ins Wasser gesprungene Person \u00fcber Notruf einging. W\u00e4hrend die Kr\u00e4fte der Mainzer Seite vorwiegend in Richtung der Br\u00fccke ausr\u00fcckten, steuerten die Wiesbadener Kollegen die Landspitze der Maaraue an. Da seitens der Wasserschutzpolizei die Frau kurze Zeit sp\u00e4ter aus dem Wasser gerettet wurde, konnte man den Einsatz schon knapp 10 Minuten nach der Alarmierung wieder abbrechen. Das Boot der Wasserschutzpolizei brachte die Frau zur weiteren rettungsdienstlichen Versorgung sicher ans Mainzer Ufer. Ob es sich bei dem Vorfall um ein Unfall oder einen beabsichtigtes Vorhaben handelte, war zum Einsatzzeitpunkt nicht zu kl\u00e4ren.<\/p>\n","protected":false},"excerpt":{"rendered":"<p>07. September 2017 &#8211; 09:19 Uhr Rhein Einzelfahrzeugalarmierung Einsatz 88 &#8211; 2017 Am Donnerstagmorgen wurden erneut die Einheiten des Wasserrettungskonzeptes alarmiert, da die Meldung \u00fcber eine von der Weisenauer Br\u00fccke ins Wasser gesprungene Person \u00fcber Notruf einging. W\u00e4hrend die Kr\u00e4fte der Mainzer Seite vorwiegend in Richtung der Br\u00fccke ausr\u00fcckten, steuerten die Wiesbadener Kollegen die Landspitze [&hellip;]<\/p>\n","protected":false},"author":1,"featured_media":0,"comment_status":"closed","ping_status":"open","sticky":false,"template":"","format":"standard","meta":{"_et_pb_use_builder":"","_et_pb_old_content":"","_et_gb_content_width":"","_crdt_document":"","footnotes":""},"categories":[5],"tags":[702,686,520,518,1019,949],"class_list":["post-3790","post","type-post","status-publish","format-standard","hentry","category-einsatze","tag-bruecke","tag-mzb","tag-rhein","tag-wasserrettung","tag-wasserrettungseinsatz","tag-weisenau"],"_links":{"self":[{"href":"https:\/\/www.feuerwehrkostheim.de\/index.php?rest_route=\/wp\/v2\/posts\/3790","targetHints":{"allow":["GET"]}}],"collection":[{"href":"https:\/\/www.feuerwehrkostheim.de\/index.php?rest_route=\/wp\/v2\/posts"}],"about":[{"href":"https:\/\/www.feuerwehrkostheim.de\/index.php?rest_route=\/wp\/v2\/types\/post"}],"author":[{"embeddable":true,"href":"https:\/\/www.feuerwehrkostheim.de\/index.php?rest_route=\/wp\/v2\/users\/1"}],"replies":[{"embeddable":true,"href":"https:\/\/www.feuerwehrkostheim.de\/index.php?rest_route=%2Fwp%2Fv2%2Fcomments&post=3790"}],"version-history":[{"count":0,"href":"https:\/\/www.feuerwehrkostheim.de\/index.php?rest_route=\/wp\/v2\/posts\/3790\/revisions"}],"wp:attachment":[{"href":"https:\/\/www.feuerwehrkostheim.de\/index.php?rest_route=%2Fwp%2Fv2%2Fmedia&parent=3790"}],"wp:term":[{"taxonomy":"category","embeddable":true,"href":"https:\/\/www.feuerwehrkostheim.de\/index.php?rest_route=%2Fwp%2Fv2%2Fcategories&post=3790"},{"taxonomy":"post_tag","embeddable":true,"href":"https:\/\/www.feuerwehrkostheim.de\/index.php?rest_route=%2Fwp%2Fv2%2Ftags&post=3790"}],"curies":[{"name":"wp","href":"https:\/\/api.w.org\/{rel}","templated":true}]}}