{"id":3747,"date":"2017-08-14T21:11:07","date_gmt":"2017-08-14T19:11:07","guid":{"rendered":"http:\/\/www.feuerwehrkostheim.de\/?p=3747"},"modified":"2018-06-02T14:03:33","modified_gmt":"2018-06-02T13:03:33","slug":"feuer-in-mehrfamilienhaus-gemeinschaftsuebung-mit-ff-dotzheim","status":"publish","type":"post","link":"https:\/\/www.feuerwehrkostheim.de\/?p=3747","title":{"rendered":"Feuer in Mehrfamilienhaus &#8211; Gemeinschafts\u00fcbung mit FF Dotzheim"},"content":{"rendered":"<p>Da eine realit\u00e4tsnahe Feuerwehrausbildung an geeigneten Objekten mangels deren Verf\u00fcgbarkeit nicht immer einfach umzusetzen ist, brauchten die Kostheimer Kameraden nicht lange zu \u00fcberlegen, als sie von den Dotzheimer Kollegen gefragt wurden, ob sie an einer gemeinsamen \u00dcbung interessiert seien. Ohne Kenntnis \u00fcber das eigentliche \u00dcbungsobjekt steuerte man zum vereinbarten Termin mit allen Fahrzeugen das Dotzheimer Ger\u00e4tehaus als Sammelpunkt an.<\/p>\n<p><img loading=\"lazy\" decoding=\"async\" class=\"alignleft size-medium\" style=\"border: 4px solid #D8D8D8;\" src=\"https:\/\/farm5.staticflickr.com\/4336\/35735948164_a32e30a711_n.jpg\" width=\"320\" height=\"240\" \/>Nach Abschluss der Vorbereitungen \u00fcbergab die \u00dcbungsleitung den Fahrzeugf\u00fchrern den Einsatzbefehl in den Langendellschlag 103 auszur\u00fccken. Aus einem der dortigen Geb\u00e4udekomplexe des ehemaligen Simeonshauses w\u00fcrde dichter Rauch dringen und Menschen um Hilfe rufen. Als die ersten zwei L\u00f6schfahrzeuge beider Wehren im Dotzheimer Norden eintrafen, stellten die Gruppenf\u00fchrer eine Rauchentwicklung in einem der oberen Geschosse fest und mehre Personen &#8211; an Fenstern, auf Balkonen oder auf dem Dach \u2013 machten durch laute Hilferufe auf sich aufmerksam. Nach der ersten Lageerkundung beschloss man, sich in der ersten Phase vollumf\u00e4nglich der Menschenrettung zu widmen. \u00dcber die Vornahme von tragbaren Leitern gelangten die vorgehenden Trupps von au\u00dfen zu den betroffenen Personen um diese schnellstm\u00f6glich aus dem Gefahrenbereich zu retten. Parallel zur Rettung \u00fcber die Leitern, die von dem Dotzheimer Gruppenf\u00fchrer koordiniert wurde, k\u00fcmmerte sich sein Kostheimer Kamerad um das Vorgehen im Inneren des mehrst\u00f6ckigen und verwinkelten Geb\u00e4udes. Mittlerweile waren weitere Kr\u00e4fte beider Wehren am \u00dcbungsobjekt eingetroffen, sodass personell aus dem Vollen gesch\u00f6pft werden konnte.<\/p>\n<p><!--more--><img loading=\"lazy\" decoding=\"async\" class=\"alignright size-medium\" style=\"border: 4px solid #D8D8D8;\" src=\"https:\/\/farm5.staticflickr.com\/4373\/35735947134_da623bf264_n.jpg\" width=\"320\" height=\"211\" \/>Durch die Un\u00fcbersichtlichkeit des gesamten Komplexes mussten beim Absuchen nach vermissten Personen die vorgehenden Trupps genauestens zugeteilt und eingesetzt werden. Nach und nach brachten die unter Atemschutz eingesetzten Trupps Personen aus dem Geb\u00e4ude und brachten sie zu einer vordefinierten Sammelstelle. Dem eigentlichen Brandherd konnte man sich erst zu einem sp\u00e4teren Zeitpunkt annehmen, da die Rettung von Menschen bei einem Feuerwehreinsatz immer Vorrang hat.<\/p>\n<p><img loading=\"lazy\" decoding=\"async\" class=\"alignleft size-medium\" style=\"border: 4px solid #D8D8D8;\" src=\"https:\/\/farm5.staticflickr.com\/4406\/36570952595_f85388a1f1_n.jpg\" width=\"240\" height=\"320\" \/>Etwa anderthalb Stunden nach dem Beginn war der Gro\u00dfteil der zuvor anvisierten Ziele erreicht und seitens der \u00dcbungsleitung konnte das Ende der \u00dcbung vermeldet werden. Sichtlich ersch\u00f6pft g\u00f6nnten sich die mitwirkenden Feuerwehrkameraden eine kleine Pause, bevor das eingesetzte Material wieder zur\u00fcckgebaut wurde.<\/p>\n<p>Nach der R\u00fcckkehr ins Ger\u00e4tehaus der Dotzheimer gab es neben einer \u00dcbungsnachbesprechung auch eine kleine St\u00e4rkung. Am sp\u00e4ten Abend trat die Kostheimer Einsatzabteilung wieder die R\u00fcckfahrt zum eigenen Standort im Wiesbadener S\u00fcden an. Ein gro\u00dfer Dank gilt an dieser Stelle den Kameraden aus Dotzheim, die es den Kostheimern erm\u00f6glicht haben, Teil einer Gemeinschafts\u00fcbung zu sein. Das \u00dcbungsobjekt und die Organisation waren vorbildlich und lie\u00dfen f\u00fcr die wichtige Realausbildung keine W\u00fcnsche offen.<\/p>\n<p>[FAGP id=3753]<\/p>\n","protected":false},"excerpt":{"rendered":"<p>Da eine realit\u00e4tsnahe Feuerwehrausbildung an geeigneten Objekten mangels deren Verf\u00fcgbarkeit nicht immer einfach umzusetzen ist, brauchten die Kostheimer Kameraden nicht lange zu \u00fcberlegen, als sie von den Dotzheimer Kollegen gefragt wurden, ob sie an einer gemeinsamen \u00dcbung interessiert seien. Ohne Kenntnis \u00fcber das eigentliche \u00dcbungsobjekt steuerte man zum vereinbarten Termin mit allen Fahrzeugen das Dotzheimer [&hellip;]<\/p>\n","protected":false},"author":1,"featured_media":0,"comment_status":"closed","ping_status":"open","sticky":false,"template":"","format":"standard","meta":{"_et_pb_use_builder":"","_et_pb_old_content":"","_et_gb_content_width":"","_crdt_document":"","footnotes":""},"categories":[4],"tags":[879,31,1006,1007,1008,105],"class_list":["post-3747","post","type-post","status-publish","format-standard","hentry","category-einsatzabteilung","tag-dotzheim","tag-feuer","tag-gemeinschaftsuebung","tag-langendellschlag","tag-simoenshaus","tag-ubung"],"_links":{"self":[{"href":"https:\/\/www.feuerwehrkostheim.de\/index.php?rest_route=\/wp\/v2\/posts\/3747","targetHints":{"allow":["GET"]}}],"collection":[{"href":"https:\/\/www.feuerwehrkostheim.de\/index.php?rest_route=\/wp\/v2\/posts"}],"about":[{"href":"https:\/\/www.feuerwehrkostheim.de\/index.php?rest_route=\/wp\/v2\/types\/post"}],"author":[{"embeddable":true,"href":"https:\/\/www.feuerwehrkostheim.de\/index.php?rest_route=\/wp\/v2\/users\/1"}],"replies":[{"embeddable":true,"href":"https:\/\/www.feuerwehrkostheim.de\/index.php?rest_route=%2Fwp%2Fv2%2Fcomments&post=3747"}],"version-history":[{"count":0,"href":"https:\/\/www.feuerwehrkostheim.de\/index.php?rest_route=\/wp\/v2\/posts\/3747\/revisions"}],"wp:attachment":[{"href":"https:\/\/www.feuerwehrkostheim.de\/index.php?rest_route=%2Fwp%2Fv2%2Fmedia&parent=3747"}],"wp:term":[{"taxonomy":"category","embeddable":true,"href":"https:\/\/www.feuerwehrkostheim.de\/index.php?rest_route=%2Fwp%2Fv2%2Fcategories&post=3747"},{"taxonomy":"post_tag","embeddable":true,"href":"https:\/\/www.feuerwehrkostheim.de\/index.php?rest_route=%2Fwp%2Fv2%2Ftags&post=3747"}],"curies":[{"name":"wp","href":"https:\/\/api.w.org\/{rel}","templated":true}]}}