{"id":3739,"date":"2017-08-13T15:41:57","date_gmt":"2017-08-13T13:41:57","guid":{"rendered":"http:\/\/www.feuerwehrkostheim.de\/?p=3739"},"modified":"2018-06-02T14:03:33","modified_gmt":"2018-06-02T13:03:33","slug":"sommerabschlussuebung-der-jugendfeuerwehr-2","status":"publish","type":"post","link":"https:\/\/www.feuerwehrkostheim.de\/?p=3739","title":{"rendered":"Sommerabschluss\u00fcbung der Jugendfeuerwehr"},"content":{"rendered":"<p><img loading=\"lazy\" decoding=\"async\" class=\"size-medium alignright\" style=\"border: 4px solid #D8D8D8;\" src=\"https:\/\/farm5.staticflickr.com\/4340\/35706482474_05fe19343b_n.jpg\" width=\"320\" height=\"211\" \/>Zu Beginn der Sommerferien veranstaltete die Jugendfeuerwehr Kostheim ihre allj\u00e4hrliche Sommerabschluss\u00fcbung. In diesem Jahr wurde das eigene Ger\u00e4tehaus als \u00dcbungsobjekt genutzt. Die beiden Fahrzeughallen, das Treppenhaus, sowie der Speicher wurden verraucht und die Verletztendarsteller versteckten sich, um von den Jugendlichen gefunden zu werden. Als die Vorbereitungen abgeschlossen waren, alarmierte man die Jugendlichen, die zwischenzeitlich etwas entfernt vom Ger\u00e4tehaus in Aufstellung gingen.<\/p>\n<p><img loading=\"lazy\" decoding=\"async\" class=\"size-medium alignleft\" style=\"border: 4px solid #D8D8D8;\" src=\"https:\/\/farm5.staticflickr.com\/4336\/36541320285_5a4798304d_n.jpg\" width=\"320\" height=\"211\" \/>Vor Ort drang schon dichter Rauch aus dem Geb\u00e4ude. Sofort wurde ein L\u00f6schangriff aufgebaut und die Suche nach den vermissten Personen aufgenommen. Mehrere Trupps unter Atemschutz suchten die R\u00e4umlichkeiten ab und konnten nach kurzer Zeit die erste Person in einer der Fahrzeughallen auffinden und ins Freie retten. Als das Erdgeschoss komplett \u00fcberpr\u00fcft war und keine Personen mehr gefunden wurden, unterst\u00fctzten die Trupps die Suche im Dachgeschoss. Nachdem im hinteren Bereich des Speichers eine Person gefunden wurde, rettete man diese ebenfalls ins Freie.<\/p>\n<p><!--more--><\/p>\n<p><img loading=\"lazy\" decoding=\"async\" class=\"size-medium alignright\" style=\"border: 4px solid #D8D8D8;\" src=\"https:\/\/farm5.staticflickr.com\/4352\/36144768700_67fc969eaa_n.jpg\" width=\"320\" height=\"211\" \/>Nach kurzer Zeit konnte im Dachgeschoss ebenfalls Feuer aus gemeldet werden und somit beendete man auch die \u00dcbung. Insgesamt waren 4 Trupps unter Atemschutz im Einsatz.<br \/>\nTrotz der bekannten R\u00e4umlichkeit war es eine neue Erfahrung f\u00fcr die Jugendlichen, da durch die Verrauchung eine Orientierung erschwert wurde. Ehe man mit dem Abbau begann, erfolgte eine Nachbesprechung, in der man die angenommene Einsatzlage sowie das Vorgehen besprach.<\/p>\n<p>Es folgte der gem\u00fctlichere Teil des Abends. Die Jugendlichen hatten den Lehrsaal eingedeckt, w\u00e4hrend die Jugendwarte schon Grillk\u00e4se, Steaks und W\u00fcrstchen grillten. Als alle mit dem Abendessen fertig waren, wurde K\u00fcche sowie Grill ges\u00e4ubert und die Jugendlichen fingen an, den Lehrsaal zu einem Schlafraum umzufunktionieren. Jeder richtete seinen Schlafsack, Feldbett oder Luftmatratze her und machte es sich gem\u00fctlich. Anschlie\u00dfend wurde durch Abstimmung der erste Film ausgesucht und einige weitere folgten.<\/p>\n<p>Am Sonntagmorgen, egal ob ausgeschlafen oder nicht, wurde der Lehrsaal wieder hergerichtet und f\u00fcr das Fr\u00fchst\u00fcck eingedeckt.<\/p>\n<p>Im Anschluss daran entlie\u00df man die Jugendlichen in die wohlverdienten Sommerferien.<\/p>\n<p>[FAGP id=3740]<\/p>\n","protected":false},"excerpt":{"rendered":"<p>Zu Beginn der Sommerferien veranstaltete die Jugendfeuerwehr Kostheim ihre allj\u00e4hrliche Sommerabschluss\u00fcbung. In diesem Jahr wurde das eigene Ger\u00e4tehaus als \u00dcbungsobjekt genutzt. Die beiden Fahrzeughallen, das Treppenhaus, sowie der Speicher wurden verraucht und die Verletztendarsteller versteckten sich, um von den Jugendlichen gefunden zu werden. Als die Vorbereitungen abgeschlossen waren, alarmierte man die Jugendlichen, die zwischenzeitlich etwas [&hellip;]<\/p>\n","protected":false},"author":1,"featured_media":0,"comment_status":"closed","ping_status":"open","sticky":false,"template":"","format":"standard","meta":{"_et_pb_use_builder":"","_et_pb_old_content":"","_et_gb_content_width":"","_crdt_document":"","footnotes":""},"categories":[7],"tags":[99,828,27,105],"class_list":["post-3739","post","type-post","status-publish","format-standard","hentry","category-jugendfeuerwehr","tag-jf","tag-jugendfeuerwehr","tag-sommerabschlussubung","tag-ubung"],"_links":{"self":[{"href":"https:\/\/www.feuerwehrkostheim.de\/index.php?rest_route=\/wp\/v2\/posts\/3739","targetHints":{"allow":["GET"]}}],"collection":[{"href":"https:\/\/www.feuerwehrkostheim.de\/index.php?rest_route=\/wp\/v2\/posts"}],"about":[{"href":"https:\/\/www.feuerwehrkostheim.de\/index.php?rest_route=\/wp\/v2\/types\/post"}],"author":[{"embeddable":true,"href":"https:\/\/www.feuerwehrkostheim.de\/index.php?rest_route=\/wp\/v2\/users\/1"}],"replies":[{"embeddable":true,"href":"https:\/\/www.feuerwehrkostheim.de\/index.php?rest_route=%2Fwp%2Fv2%2Fcomments&post=3739"}],"version-history":[{"count":0,"href":"https:\/\/www.feuerwehrkostheim.de\/index.php?rest_route=\/wp\/v2\/posts\/3739\/revisions"}],"wp:attachment":[{"href":"https:\/\/www.feuerwehrkostheim.de\/index.php?rest_route=%2Fwp%2Fv2%2Fmedia&parent=3739"}],"wp:term":[{"taxonomy":"category","embeddable":true,"href":"https:\/\/www.feuerwehrkostheim.de\/index.php?rest_route=%2Fwp%2Fv2%2Fcategories&post=3739"},{"taxonomy":"post_tag","embeddable":true,"href":"https:\/\/www.feuerwehrkostheim.de\/index.php?rest_route=%2Fwp%2Fv2%2Ftags&post=3739"}],"curies":[{"name":"wp","href":"https:\/\/api.w.org\/{rel}","templated":true}]}}