{"id":373,"date":"2007-09-29T21:17:14","date_gmt":"2007-09-29T21:17:14","guid":{"rendered":"http:\/\/www.feuerwehrkostheim.de\/ffk\/?p=373"},"modified":"2018-06-02T14:09:45","modified_gmt":"2018-06-02T13:09:45","slug":"bambinis-mit-dem-boot-auf-dem-wasser-mama-mir-ist-seeubel","status":"publish","type":"post","link":"https:\/\/www.feuerwehrkostheim.de\/?p=373","title":{"rendered":"Bambinis mit dem Boot auf dem Wasser &#8211; &#8230; Mama, mir ist See\u00fcbel &#8230;"},"content":{"rendered":"<p><a title=\"Fotosharing\" href=\"http:\/\/www.flickr.com\/photos\/ffkostheim\/sets\/72157602199320820\/\" target=\"_blank\"><img loading=\"lazy\" decoding=\"async\" style=\"margin: 8px;\" title=\"Bambinis auf dem Wasser - 29.09.07\" src=\"http:\/\/farm2.static.flickr.com\/1384\/1459414652_df97a611bf_m.jpg\" alt=\"Bambinis auf dem Wasser - 29.09.07\" width=\"240\" height=\"160\" align=\"left\" hspace=\"5\" vspace=\"4\" \/><\/a>Zusammen mit einigen Eltern ging es w\u00e4hrend der heutigen Bambinistunde etwas weiter Flussabw\u00e4rts, nach Schierstein. Dort durften die ganz kleinen Feuerwehrbegeisterten mal mit dem vereinseigenen Feuerwehrboot fahren. Der weite Weg musste sein, da es bei den Kostheimer Wasserstellen wegen des derzeitigen Wasserstandes nicht m\u00f6glich ist, das Boot ohne gr\u00f6\u00dfere Probleme zu wassern.<!--more--><\/p>\n<p><a title=\"Fotosharing\" href=\"http:\/\/www.flickr.com\/photos\/ffkostheim\/1458547661\/\"><img loading=\"lazy\" decoding=\"async\" style=\"margin: 8px;\" title=\"Bambinis auf dem Wasser - 29.09.07\" src=\"http:\/\/farm2.static.flickr.com\/1425\/1458547661_aa6c909c6c_m.jpg\" alt=\"Bambinis auf dem Wasser - 29.09.07\" width=\"240\" height=\"160\" align=\"right\" hspace=\"5\" vspace=\"4\" \/><\/a>Nachdem das Boot zu Wasser war, durfte jeder mal eine gro\u00dfe Runde durch den Schiersteiner Hafen drehen. Dass das nicht bei allen Kids spurlos vor\u00fcber ging, war die Aussage eines Bambinis, der nach der R\u00fcckkehr an Land zu seiner Mutter sagte: &#8220;Du Mama, ich glaube mir ist see\u00fcbel &#8230;&#8221;. Aber schon nach kurzer Zeit mit festem Boden unter den F\u00fcssen, ging es ihm schon wieder besser und er fand es auch richtig &#8220;cool&#8221;.<\/p>\n<p>Trotz k\u00fchler Temperaturen und leichtem Nieselregen, waren alle mit Begeisterung dabei und merkten gar nicht, wie schnell die Zeit vor\u00fcber ging. Nachdem auch die letzten von ihrer Tour zur\u00fcckkamen, wurde das Boot wieder aufgetrailert und es ging zur\u00fcck ins Kostheimer Ger\u00e4tehaus.<\/p>\n","protected":false},"excerpt":{"rendered":"<p>Zusammen mit einigen Eltern ging es w\u00e4hrend der heutigen Bambinistunde etwas weiter Flussabw\u00e4rts, nach Schierstein. Dort durften die ganz kleinen Feuerwehrbegeisterten mal mit dem vereinseigenen Feuerwehrboot fahren. Der weite Weg musste sein, da es bei den Kostheimer Wasserstellen wegen des derzeitigen Wasserstandes nicht m\u00f6glich ist, das Boot ohne gr\u00f6\u00dfere Probleme zu wassern.<\/p>\n","protected":false},"author":1,"featured_media":0,"comment_status":"closed","ping_status":"open","sticky":false,"template":"","format":"standard","meta":{"_et_pb_use_builder":"","_et_pb_old_content":"","_et_gb_content_width":"","_crdt_document":"","footnotes":""},"categories":[3],"tags":[150,103,151,152],"class_list":["post-373","post","type-post","status-publish","format-standard","hentry","category-bambinifeuerwehr","tag-bambini","tag-boot","tag-hafen","tag-seeubel"],"_links":{"self":[{"href":"https:\/\/www.feuerwehrkostheim.de\/index.php?rest_route=\/wp\/v2\/posts\/373","targetHints":{"allow":["GET"]}}],"collection":[{"href":"https:\/\/www.feuerwehrkostheim.de\/index.php?rest_route=\/wp\/v2\/posts"}],"about":[{"href":"https:\/\/www.feuerwehrkostheim.de\/index.php?rest_route=\/wp\/v2\/types\/post"}],"author":[{"embeddable":true,"href":"https:\/\/www.feuerwehrkostheim.de\/index.php?rest_route=\/wp\/v2\/users\/1"}],"replies":[{"embeddable":true,"href":"https:\/\/www.feuerwehrkostheim.de\/index.php?rest_route=%2Fwp%2Fv2%2Fcomments&post=373"}],"version-history":[{"count":0,"href":"https:\/\/www.feuerwehrkostheim.de\/index.php?rest_route=\/wp\/v2\/posts\/373\/revisions"}],"wp:attachment":[{"href":"https:\/\/www.feuerwehrkostheim.de\/index.php?rest_route=%2Fwp%2Fv2%2Fmedia&parent=373"}],"wp:term":[{"taxonomy":"category","embeddable":true,"href":"https:\/\/www.feuerwehrkostheim.de\/index.php?rest_route=%2Fwp%2Fv2%2Fcategories&post=373"},{"taxonomy":"post_tag","embeddable":true,"href":"https:\/\/www.feuerwehrkostheim.de\/index.php?rest_route=%2Fwp%2Fv2%2Ftags&post=373"}],"curies":[{"name":"wp","href":"https:\/\/api.w.org\/{rel}","templated":true}]}}