{"id":3703,"date":"2017-07-18T15:48:56","date_gmt":"2017-07-18T13:48:56","guid":{"rendered":"http:\/\/www.feuerwehrkostheim.de\/?p=3703"},"modified":"2018-06-02T14:04:03","modified_gmt":"2018-06-02T13:04:03","slug":"wachbesetzung-wegen-verkehrsunfall","status":"publish","type":"post","link":"https:\/\/www.feuerwehrkostheim.de\/?p=3703","title":{"rendered":"Wachbesetzung wegen Verkehrsunfall"},"content":{"rendered":"<p><img loading=\"lazy\" decoding=\"async\" class=\"alignleft\" title=\"Einsatz-Logo\" src=\"http:\/\/www.feuerwehrkostheim.de\/wp-content\/bilder\/sonstige\/logo_einsatz.jpg\" alt=\"Einsatz-Logo\" width=\"100\" height=\"100\" \/><strong>18. Juli 2017 &#8211; 08:15 Uhr<\/strong><br \/>\n<strong>Feuerwache 2<\/strong><br \/>\nFF-Einheit \/ Alarmgruppe mit FF-Kastel<br \/>\nEinsatz 71 &#8211; 2017<\/p>\n<p><a href=\"http:\/\/www.feuerwehrkostheim.de\/wp-content\/uploads\/2017\/07\/2017-07-18_Wachbesetzung.jpg\"><img loading=\"lazy\" decoding=\"async\" class=\"alignright size-medium wp-image-3702\" style=\"border: 4px solid #D8D8D8;\" src=\"http:\/\/www.feuerwehrkostheim.de\/wp-content\/uploads\/2017\/07\/2017-07-18_Wachbesetzung-300x225.jpg\" alt=\"\" width=\"300\" height=\"225\" srcset=\"https:\/\/www.feuerwehrkostheim.de\/wp-content\/uploads\/2017\/07\/2017-07-18_Wachbesetzung-300x225.jpg 300w, https:\/\/www.feuerwehrkostheim.de\/wp-content\/uploads\/2017\/07\/2017-07-18_Wachbesetzung-768x576.jpg 768w, https:\/\/www.feuerwehrkostheim.de\/wp-content\/uploads\/2017\/07\/2017-07-18_Wachbesetzung-1024x768.jpg 1024w, https:\/\/www.feuerwehrkostheim.de\/wp-content\/uploads\/2017\/07\/2017-07-18_Wachbesetzung.jpg 1800w\" sizes=\"(max-width: 300px) 100vw, 300px\" \/><\/a>Aufgrund eines schweren Verkehrsunfalls mit verletzten und eingeklemmten Personen auf der A643 kurz vor der Stadtgrenze, bei dem ein LKW in ein Stauende gefahren ist, wurde die Kostheimer Feuerwehr zur Besetzung der teils verwaisten Feuerwache 2 alarmiert. Mit einem L\u00f6schfahrzeug steuerte man die Wache in der St. Florian Stra\u00dfe an und stand f\u00fcr m\u00f6gliche Paralleleins\u00e4tze im Wachbezirk zur Verf\u00fcgung. Nach etwa einer Stunde kamen die hauptamtlichen Kollegen von ihrem Einsatz zur\u00fcck, sodass die Wachbesetzung aufgehoben werden konnte. Die Kameraden aus Kostheim konnten somit ihren Einsatz ebenfalls beenden und fuhren wieder zur\u00fcck zu ihrem eigentlichen Standort.<\/p>\n","protected":false},"excerpt":{"rendered":"<p>18. Juli 2017 &#8211; 08:15 Uhr Feuerwache 2 FF-Einheit \/ Alarmgruppe mit FF-Kastel Einsatz 71 &#8211; 2017 Aufgrund eines schweren Verkehrsunfalls mit verletzten und eingeklemmten Personen auf der A643 kurz vor der Stadtgrenze, bei dem ein LKW in ein Stauende gefahren ist, wurde die Kostheimer Feuerwehr zur Besetzung der teils verwaisten Feuerwache 2 alarmiert. Mit [&hellip;]<\/p>\n","protected":false},"author":1,"featured_media":0,"comment_status":"closed","ping_status":"open","sticky":false,"template":"","format":"standard","meta":{"_et_pb_use_builder":"","_et_pb_old_content":"","_et_gb_content_width":"","_crdt_document":"","footnotes":""},"categories":[5],"tags":[993,71,243],"class_list":["post-3703","post","type-post","status-publish","format-standard","hentry","category-einsatze","tag-feuerwache","tag-verkehrsunfall","tag-wachbesetzung"],"_links":{"self":[{"href":"https:\/\/www.feuerwehrkostheim.de\/index.php?rest_route=\/wp\/v2\/posts\/3703","targetHints":{"allow":["GET"]}}],"collection":[{"href":"https:\/\/www.feuerwehrkostheim.de\/index.php?rest_route=\/wp\/v2\/posts"}],"about":[{"href":"https:\/\/www.feuerwehrkostheim.de\/index.php?rest_route=\/wp\/v2\/types\/post"}],"author":[{"embeddable":true,"href":"https:\/\/www.feuerwehrkostheim.de\/index.php?rest_route=\/wp\/v2\/users\/1"}],"replies":[{"embeddable":true,"href":"https:\/\/www.feuerwehrkostheim.de\/index.php?rest_route=%2Fwp%2Fv2%2Fcomments&post=3703"}],"version-history":[{"count":0,"href":"https:\/\/www.feuerwehrkostheim.de\/index.php?rest_route=\/wp\/v2\/posts\/3703\/revisions"}],"wp:attachment":[{"href":"https:\/\/www.feuerwehrkostheim.de\/index.php?rest_route=%2Fwp%2Fv2%2Fmedia&parent=3703"}],"wp:term":[{"taxonomy":"category","embeddable":true,"href":"https:\/\/www.feuerwehrkostheim.de\/index.php?rest_route=%2Fwp%2Fv2%2Fcategories&post=3703"},{"taxonomy":"post_tag","embeddable":true,"href":"https:\/\/www.feuerwehrkostheim.de\/index.php?rest_route=%2Fwp%2Fv2%2Ftags&post=3703"}],"curies":[{"name":"wp","href":"https:\/\/api.w.org\/{rel}","templated":true}]}}