{"id":3682,"date":"2017-07-10T20:22:49","date_gmt":"2017-07-10T18:22:49","guid":{"rendered":"http:\/\/www.feuerwehrkostheim.de\/?p=3682"},"modified":"2018-06-02T14:04:03","modified_gmt":"2018-06-02T13:04:03","slug":"rauchentwicklung-in-der-deponiestrasse","status":"publish","type":"post","link":"https:\/\/www.feuerwehrkostheim.de\/?p=3682","title":{"rendered":"Rauchentwicklung in der Deponiestra\u00dfe"},"content":{"rendered":"<p><img loading=\"lazy\" decoding=\"async\" class=\"alignleft\" title=\"Einsatz-Logo\" src=\"http:\/\/www.feuerwehrkostheim.de\/wp-content\/bilder\/sonstige\/logo_einsatz.jpg\" alt=\"Einsatz-Logo\" width=\"100\" height=\"100\" \/><strong>10. Juli 2017 &#8211; 14:09 Uhr<\/strong><br \/>\n<strong>Deponiestra\u00dfe &#8211; Am\u00f6neburg<\/strong><br \/>\nFF-Einheit \/ Alarmgruppe mit FF-Kastel<br \/>\nEinsatz 65 &#8211; 2017<\/p>\n<p>Am Montagmittag wurden die Kostheimer und Kasteler Feuerwehrkameraden als Alarmgruppe um kurz nach 14 Uhr zu einer gemeldeten Rauchentwicklung im Bereich der Deponiestra\u00dfe in Am\u00f6neburg alarmiert. Zeitgleich setzte sich auch der L\u00f6schzug von der Feuerwache 2 in Bewegung und traf kurze Zeit sp\u00e4ter an der Einsatzstelle ein. Bei der Erkundung durch den Einsatzleiter konnte zwar schnell die Rauchentwicklung lokalisiert werden, da es sich aber um einen gewollten Abbrand handelte, musste die Feuerwehr jedoch nicht t\u00e4tig werden. Der Einsatz wurde somit nach etwa 10 Minuten abgebrochen.<\/p>\n","protected":false},"excerpt":{"rendered":"<p>10. Juli 2017 &#8211; 14:09 Uhr Deponiestra\u00dfe &#8211; Am\u00f6neburg FF-Einheit \/ Alarmgruppe mit FF-Kastel Einsatz 65 &#8211; 2017 Am Montagmittag wurden die Kostheimer und Kasteler Feuerwehrkameraden als Alarmgruppe um kurz nach 14 Uhr zu einer gemeldeten Rauchentwicklung im Bereich der Deponiestra\u00dfe in Am\u00f6neburg alarmiert. Zeitgleich setzte sich auch der L\u00f6schzug von der Feuerwache 2 in [&hellip;]<\/p>\n","protected":false},"author":1,"featured_media":0,"comment_status":"closed","ping_status":"open","sticky":false,"template":"","format":"standard","meta":{"_et_pb_use_builder":"","_et_pb_old_content":"","_et_gb_content_width":"","_crdt_document":"","footnotes":""},"categories":[5],"tags":[110,112,111],"class_list":["post-3682","post","type-post","status-publish","format-standard","hentry","category-einsatze","tag-alarmgruppe","tag-brandverdacht","tag-rauchentwicklung"],"_links":{"self":[{"href":"https:\/\/www.feuerwehrkostheim.de\/index.php?rest_route=\/wp\/v2\/posts\/3682","targetHints":{"allow":["GET"]}}],"collection":[{"href":"https:\/\/www.feuerwehrkostheim.de\/index.php?rest_route=\/wp\/v2\/posts"}],"about":[{"href":"https:\/\/www.feuerwehrkostheim.de\/index.php?rest_route=\/wp\/v2\/types\/post"}],"author":[{"embeddable":true,"href":"https:\/\/www.feuerwehrkostheim.de\/index.php?rest_route=\/wp\/v2\/users\/1"}],"replies":[{"embeddable":true,"href":"https:\/\/www.feuerwehrkostheim.de\/index.php?rest_route=%2Fwp%2Fv2%2Fcomments&post=3682"}],"version-history":[{"count":0,"href":"https:\/\/www.feuerwehrkostheim.de\/index.php?rest_route=\/wp\/v2\/posts\/3682\/revisions"}],"wp:attachment":[{"href":"https:\/\/www.feuerwehrkostheim.de\/index.php?rest_route=%2Fwp%2Fv2%2Fmedia&parent=3682"}],"wp:term":[{"taxonomy":"category","embeddable":true,"href":"https:\/\/www.feuerwehrkostheim.de\/index.php?rest_route=%2Fwp%2Fv2%2Fcategories&post=3682"},{"taxonomy":"post_tag","embeddable":true,"href":"https:\/\/www.feuerwehrkostheim.de\/index.php?rest_route=%2Fwp%2Fv2%2Ftags&post=3682"}],"curies":[{"name":"wp","href":"https:\/\/api.w.org\/{rel}","templated":true}]}}