{"id":3673,"date":"2017-06-29T19:19:14","date_gmt":"2017-06-29T17:19:14","guid":{"rendered":"http:\/\/www.feuerwehrkostheim.de\/?p=3673"},"modified":"2018-06-02T14:04:03","modified_gmt":"2018-06-02T13:04:03","slug":"freizeitfahrt-der-jugendfeuerwehr-nach-hattgenstein","status":"publish","type":"post","link":"https:\/\/www.feuerwehrkostheim.de\/?p=3673","title":{"rendered":"Freizeitfahrt der Jugendfeuerwehr nach Hattgenstein"},"content":{"rendered":"<p><img loading=\"lazy\" decoding=\"async\" class=\"size-medium alignright\" style=\"border: 4px solid #D8D8D8;\" src=\"https:\/\/c1.staticflickr.com\/5\/4217\/35445153792_80e2a74f0f_n.jpg\" width=\"320\" height=\"213\" \/>Wie bereits in den Jahren zuvor, nutzte die Jugendfeuerwehr Mainz-Kostheim das Fronleichnamswochenende f\u00fcr ihre j\u00e4hrliche Freizeitfahrt. In diesem Jahr ging es nach Hattgenstein im Hunsr\u00fcck.<\/p>\n<p>Nach nur zwei Stunden Fahrzeit war man mittwochs angekommen. Die Kostheimer Jugendfeuerwehr teilte sich die Freizeitst\u00e4tte zusammen mit der Jugendfeuerwehr aus Eppelborn (Saarland). Nachdem die H\u00e4user bezogen waren, gab es ein gemeinsames Abendessen und eine Vorstellungsrunde. Anschlie\u00dfend lie\u00df man den Abend am Lagerfeuer ausklingen. Die Nachtruhe war nicht von langer Dauer, da sich bereits in der ersten Nacht vier Aktive der Einsatzabteilung auf den Weg zum traditionellen Fahne klauen gemacht hatten \u2013 leider &#8211; aus Sicht der Jugendlichen &#8211; mit Erfolg. Somit begann man mit den Verhandlungen, die Fahne wieder auszul\u00f6sen.<\/p>\n<p><!--more--><\/p>\n<p>Nach einer kurzen Nacht verbrachte man den Donnerstag vor Ort. Die Jugendlichen nutzten dies, um verlorenen Schlaf nachzuholen, spielten Wikinger Schach und verbrachten Zeit unter sich. Angesichts der warmen Temperatur erfolgte bereits mittags eine erste Abk\u00fchlung in Form von einer Wasserschlacht. Das Holz f\u00fcr das Lagerfeuer darf nat\u00fcrlich auch nicht fehlen. Dieses wurde \u00fcber den Tag verteilt f\u00fcr den Abend klein gemacht.<\/p>\n<p><img loading=\"lazy\" decoding=\"async\" class=\"alignleft size-medium\" style=\"border: 4px solid #D8D8D8;\" src=\"https:\/\/c1.staticflickr.com\/5\/4018\/34772141384_7f6afda346_n.jpg\" width=\"320\" height=\"179\" \/>Am Freitag besuchte man das interaktive Feuerwehr Erlebnis Museum in Hermeskeil. In diesem Museum waren historische Fahrzeuge der Feuerwehr aus dem letzten Jahrhundert ausgestellt. Ein weiterer Teil bestand aus einem Interaktiven Bereich, in welchem verschiedene Filme angeschaut werden konnten und der Weg vom Notruf bis zur Alarmierung verfolgt wurde. Ebenfalls sind im Spielebereich Kindheitserinnerungen geweckt worden durch Feuerwehrspielzeug oder auch durch Joy-Sticks gesteuerte L\u00f6schwagen bedienen. Im Anschluss machte man sich auf dem Weg in die Stadt Trier, in der die Jugendlichen ihre Zeit zur freien Verf\u00fcgung hatten.<\/p>\n<p><img loading=\"lazy\" decoding=\"async\" class=\"size-medium alignright\" style=\"border: 4px solid #D8D8D8;\" src=\"https:\/\/c1.staticflickr.com\/5\/4289\/35445175362_962ce97b0d_n.jpg\" width=\"320\" height=\"179\" \/>Ein Highlight war am Samstag der Besuch des Waldseilgartens am Erbeskopf. Hier galt es verschiedene Parcours mit unterschiedlichen Schwierigkeitsstufen in diversen H\u00f6henunterschieden im Wald zu durchqueren. Nach dem vierst\u00fcndigen Aufenthalt, besuchte man noch die angrenzende Sommerrodelbahn, auf der man eine 1.356 Meter lange Strecke ins Tal fahren konnte. Wer dann noch motiviert war, hatte die M\u00f6glichkeit die Aussichtsplattform des Erbeskopfs zu besuchen und die sch\u00f6ne Aussicht zu genie\u00dfen.<\/p>\n<p>Nach einer kurzen letzten Nacht ging es morgens ans Aufr\u00e4umen der H\u00e4user und Packen der drei Mannschaftstransportfahrzeugen. Zu guter Letzt durfte auch die traditionelle Taufe der neuen Jugendlichen, bei der sie einen Spitznamen erhalten, nicht fehlen. In Kostheim angekommen, lud man die Autos aus und verstaute alle Sachen im Jugendraum.<\/p>\n<p>Zur\u00fcckblickend war es wieder eine lustige und gelungene Freizeitfahrt. F\u00fcr drei Jugendliche war dies die letzte Fahrt als Jugendfeuerwehrmitglied, da sie demn\u00e4chst in die Einsatzabteilung \u00fcbertreten. Wir w\u00fcnschen ihnen viel Erfolg und hoffen, dass sich unsere Ausbildung bezahlt machen wird.<\/p>\n<p>[FAGP id=3674]<\/p>\n","protected":false},"excerpt":{"rendered":"<p>Wie bereits in den Jahren zuvor, nutzte die Jugendfeuerwehr Mainz-Kostheim das Fronleichnamswochenende f\u00fcr ihre j\u00e4hrliche Freizeitfahrt. In diesem Jahr ging es nach Hattgenstein im Hunsr\u00fcck. Nach nur zwei Stunden Fahrzeit war man mittwochs angekommen. Die Kostheimer Jugendfeuerwehr teilte sich die Freizeitst\u00e4tte zusammen mit der Jugendfeuerwehr aus Eppelborn (Saarland). Nachdem die H\u00e4user bezogen waren, gab es [&hellip;]<\/p>\n","protected":false},"author":1,"featured_media":0,"comment_status":"closed","ping_status":"open","sticky":false,"template":"","format":"standard","meta":{"_et_pb_use_builder":"","_et_pb_old_content":"","_et_gb_content_width":"","_crdt_document":"","footnotes":""},"categories":[7],"tags":[988,739,987,989,98],"class_list":["post-3673","post","type-post","status-publish","format-standard","hentry","category-jugendfeuerwehr","tag-eppelborn","tag-freizeitfahrt","tag-hattgenstein","tag-hunsrueck","tag-zeltfahrt"],"_links":{"self":[{"href":"https:\/\/www.feuerwehrkostheim.de\/index.php?rest_route=\/wp\/v2\/posts\/3673","targetHints":{"allow":["GET"]}}],"collection":[{"href":"https:\/\/www.feuerwehrkostheim.de\/index.php?rest_route=\/wp\/v2\/posts"}],"about":[{"href":"https:\/\/www.feuerwehrkostheim.de\/index.php?rest_route=\/wp\/v2\/types\/post"}],"author":[{"embeddable":true,"href":"https:\/\/www.feuerwehrkostheim.de\/index.php?rest_route=\/wp\/v2\/users\/1"}],"replies":[{"embeddable":true,"href":"https:\/\/www.feuerwehrkostheim.de\/index.php?rest_route=%2Fwp%2Fv2%2Fcomments&post=3673"}],"version-history":[{"count":0,"href":"https:\/\/www.feuerwehrkostheim.de\/index.php?rest_route=\/wp\/v2\/posts\/3673\/revisions"}],"wp:attachment":[{"href":"https:\/\/www.feuerwehrkostheim.de\/index.php?rest_route=%2Fwp%2Fv2%2Fmedia&parent=3673"}],"wp:term":[{"taxonomy":"category","embeddable":true,"href":"https:\/\/www.feuerwehrkostheim.de\/index.php?rest_route=%2Fwp%2Fv2%2Fcategories&post=3673"},{"taxonomy":"post_tag","embeddable":true,"href":"https:\/\/www.feuerwehrkostheim.de\/index.php?rest_route=%2Fwp%2Fv2%2Ftags&post=3673"}],"curies":[{"name":"wp","href":"https:\/\/api.w.org\/{rel}","templated":true}]}}