{"id":3634,"date":"2017-06-22T18:39:53","date_gmt":"2017-06-22T16:39:53","guid":{"rendered":"http:\/\/www.feuerwehrkostheim.de\/?p=3634"},"modified":"2018-06-02T14:04:04","modified_gmt":"2018-06-02T13:04:04","slug":"abgebrochener-ast-am-mainufer","status":"publish","type":"post","link":"https:\/\/www.feuerwehrkostheim.de\/?p=3634","title":{"rendered":"Abgebrochener Ast am Mainufer"},"content":{"rendered":"<p><img loading=\"lazy\" decoding=\"async\" class=\"alignleft\" title=\"Einsatz-Logo\" src=\"http:\/\/www.feuerwehrkostheim.de\/wp-content\/bilder\/sonstige\/logo_einsatz.jpg\" alt=\"Einsatz-Logo\" width=\"100\" height=\"100\" \/><strong>22. Juni 2017 &#8211; 16:40 Uhr<\/strong><br \/>\n<strong>Mainufer<\/strong><br \/>\nFF-Einheit<br \/>\nEinsatz 55 &#8211; 2017<\/p>\n<p><a href=\"http:\/\/www.feuerwehrkostheim.de\/wp-content\/uploads\/2017\/06\/2017-06-22_Ast-Mainufer.jpg\" target=\"_blank\" rel=\"noopener\"><img loading=\"lazy\" decoding=\"async\" class=\"alignright wp-image-3633 size-medium\" style=\"border: 4px solid #D8D8D8;\" src=\"http:\/\/www.feuerwehrkostheim.de\/wp-content\/uploads\/2017\/06\/2017-06-22_Ast-Mainufer-300x169.jpg\" alt=\"\" width=\"300\" height=\"169\" srcset=\"https:\/\/www.feuerwehrkostheim.de\/wp-content\/uploads\/2017\/06\/2017-06-22_Ast-Mainufer-300x169.jpg 300w, https:\/\/www.feuerwehrkostheim.de\/wp-content\/uploads\/2017\/06\/2017-06-22_Ast-Mainufer-768x432.jpg 768w, https:\/\/www.feuerwehrkostheim.de\/wp-content\/uploads\/2017\/06\/2017-06-22_Ast-Mainufer-1024x575.jpg 1024w, https:\/\/www.feuerwehrkostheim.de\/wp-content\/uploads\/2017\/06\/2017-06-22_Ast-Mainufer.jpg 1500w\" sizes=\"(max-width: 300px) 100vw, 300px\" \/><\/a>Eine kleine Unwetterzelle, die am Donnerstagnachmittag an Kostheim vorbeizog, sorgte daf\u00fcr, dass durch den auffrischenden Wind am Mainufer ein Ast auf den Fu\u00df-und Radweg st\u00fcrzte. Die Kostheimer Feuerwehr wurde daraufhin von der Leitstelle alarmiert. Von den Kameraden wurde der Ast mittels einer B\u00fcgels\u00e4ge zerkleinert und auf der B\u00f6schungsseite abgelegt. Da weiter kein neues Hilfeersuchen im Bereich AKK einging, konnte nach 20 Minuten der Einsatz beendet werden.<\/p>\n","protected":false},"excerpt":{"rendered":"<p>22. Juni 2017 &#8211; 16:40 Uhr Mainufer FF-Einheit Einsatz 55 &#8211; 2017 Eine kleine Unwetterzelle, die am Donnerstagnachmittag an Kostheim vorbeizog, sorgte daf\u00fcr, dass durch den auffrischenden Wind am Mainufer ein Ast auf den Fu\u00df-und Radweg st\u00fcrzte. Die Kostheimer Feuerwehr wurde daraufhin von der Leitstelle alarmiert. Von den Kameraden wurde der Ast mittels einer B\u00fcgels\u00e4ge [&hellip;]<\/p>\n","protected":false},"author":1,"featured_media":0,"comment_status":"closed","ping_status":"open","sticky":false,"template":"","format":"standard","meta":{"_et_pb_use_builder":"","_et_pb_old_content":"","_et_gb_content_width":"","_crdt_document":"","footnotes":""},"categories":[5],"tags":[978,979,89],"class_list":["post-3634","post","type-post","status-publish","format-standard","hentry","category-einsatze","tag-ast","tag-gehweg","tag-unwetter"],"_links":{"self":[{"href":"https:\/\/www.feuerwehrkostheim.de\/index.php?rest_route=\/wp\/v2\/posts\/3634","targetHints":{"allow":["GET"]}}],"collection":[{"href":"https:\/\/www.feuerwehrkostheim.de\/index.php?rest_route=\/wp\/v2\/posts"}],"about":[{"href":"https:\/\/www.feuerwehrkostheim.de\/index.php?rest_route=\/wp\/v2\/types\/post"}],"author":[{"embeddable":true,"href":"https:\/\/www.feuerwehrkostheim.de\/index.php?rest_route=\/wp\/v2\/users\/1"}],"replies":[{"embeddable":true,"href":"https:\/\/www.feuerwehrkostheim.de\/index.php?rest_route=%2Fwp%2Fv2%2Fcomments&post=3634"}],"version-history":[{"count":0,"href":"https:\/\/www.feuerwehrkostheim.de\/index.php?rest_route=\/wp\/v2\/posts\/3634\/revisions"}],"wp:attachment":[{"href":"https:\/\/www.feuerwehrkostheim.de\/index.php?rest_route=%2Fwp%2Fv2%2Fmedia&parent=3634"}],"wp:term":[{"taxonomy":"category","embeddable":true,"href":"https:\/\/www.feuerwehrkostheim.de\/index.php?rest_route=%2Fwp%2Fv2%2Fcategories&post=3634"},{"taxonomy":"post_tag","embeddable":true,"href":"https:\/\/www.feuerwehrkostheim.de\/index.php?rest_route=%2Fwp%2Fv2%2Ftags&post=3634"}],"curies":[{"name":"wp","href":"https:\/\/api.w.org\/{rel}","templated":true}]}}