{"id":3629,"date":"2017-06-21T18:03:45","date_gmt":"2017-06-21T16:03:45","guid":{"rendered":"http:\/\/www.feuerwehrkostheim.de\/?p=3629"},"modified":"2018-06-02T14:04:04","modified_gmt":"2018-06-02T13:04:04","slug":"rauchentwicklung-zieht-ins-wohngebiet-gewollter-abbrand","status":"publish","type":"post","link":"https:\/\/www.feuerwehrkostheim.de\/?p=3629","title":{"rendered":"Rauchentwicklung zieht ins Wohngebiet &#8211; gewollter Abbrand"},"content":{"rendered":"<p><img loading=\"lazy\" decoding=\"async\" class=\"alignleft\" title=\"Einsatz-Logo\" src=\"http:\/\/www.feuerwehrkostheim.de\/wp-content\/bilder\/sonstige\/logo_einsatz.jpg\" alt=\"Einsatz-Logo\" width=\"100\" height=\"100\" \/><strong>21. Juni 2017 &#8211; 06:40 Uhr<\/strong><br \/>\n<strong>Verl\u00e4ngerung Steinern Stra\u00dfe<\/strong><br \/>\nFF-Einheit \/ Alarmgruppe mit FF-Kastel<br \/>\nEinsatz 54 &#8211; 2017<\/p>\n<p>Der Einsatz mit dem <a href=\"http:\/\/www.feuerwehrkostheim.de\/?p=3627\" target=\"_blank\" rel=\"noopener\">angerbannten Kochgut<\/a> war noch nicht richtig abgeschlossen als von der Leitstelle der n\u00e4chste Einsatzauftrag \u00fcbermittelt wurde. Eine Anruferin meldete aus der R\u00f6merstra\u00dfe, nicht weit entfernt von der letzten Einsatzstelle, eine Rauchentwicklung im Bereich der Kleing\u00e4rten. Die L\u00f6schfahrzeuge der Freiwilligen Wehren Kostheim und Kastel sammelten ihre Mannschaft zusammen und begaben sich auf die Anfahrt. Nur kurze Zeit sp\u00e4ter trafen Sie am gemeldeten Einsatzort \u2013 dem parallel zur Bahnlinie verlaufenden Weg in der verl\u00e4ngerten Steinern Stra\u00dfe \u2013 ein. Ein gewollter Abbrand von Gartenabf\u00e4llen war die Ursache der mitunter starken Rauchentwicklung, die aufgrund des Ostwindes direkt in das Wohngebiet Krautg\u00e4rten zog. Durch die Kameraden wurde ein Trupp unter Atemschutz dazu eingesetzt, das nicht genehmigte Nutzfeuer zu l\u00f6schen. Nach einer halben Stunde konnte auch dieser Einsatz beendet werden und f\u00fcr die Kostheimer Blaur\u00f6cke endete eine erneut kurze Nacht.<\/p>\n","protected":false},"excerpt":{"rendered":"<p>21. Juni 2017 &#8211; 06:40 Uhr Verl\u00e4ngerung Steinern Stra\u00dfe FF-Einheit \/ Alarmgruppe mit FF-Kastel Einsatz 54 &#8211; 2017 Der Einsatz mit dem angerbannten Kochgut war noch nicht richtig abgeschlossen als von der Leitstelle der n\u00e4chste Einsatzauftrag \u00fcbermittelt wurde. Eine Anruferin meldete aus der R\u00f6merstra\u00dfe, nicht weit entfernt von der letzten Einsatzstelle, eine Rauchentwicklung im Bereich [&hellip;]<\/p>\n","protected":false},"author":1,"featured_media":0,"comment_status":"closed","ping_status":"open","sticky":false,"template":"","format":"standard","meta":{"_et_pb_use_builder":"","_et_pb_old_content":"","_et_gb_content_width":"","_crdt_document":"","footnotes":""},"categories":[5],"tags":[110,112,31,863,539,932,461,111],"class_list":["post-3629","post","type-post","status-publish","format-standard","hentry","category-einsatze","tag-alarmgruppe","tag-brandverdacht","tag-feuer","tag-garten","tag-gewollt","tag-gewollter-abbrand","tag-nutzfeuer","tag-rauchentwicklung"],"_links":{"self":[{"href":"https:\/\/www.feuerwehrkostheim.de\/index.php?rest_route=\/wp\/v2\/posts\/3629","targetHints":{"allow":["GET"]}}],"collection":[{"href":"https:\/\/www.feuerwehrkostheim.de\/index.php?rest_route=\/wp\/v2\/posts"}],"about":[{"href":"https:\/\/www.feuerwehrkostheim.de\/index.php?rest_route=\/wp\/v2\/types\/post"}],"author":[{"embeddable":true,"href":"https:\/\/www.feuerwehrkostheim.de\/index.php?rest_route=\/wp\/v2\/users\/1"}],"replies":[{"embeddable":true,"href":"https:\/\/www.feuerwehrkostheim.de\/index.php?rest_route=%2Fwp%2Fv2%2Fcomments&post=3629"}],"version-history":[{"count":0,"href":"https:\/\/www.feuerwehrkostheim.de\/index.php?rest_route=\/wp\/v2\/posts\/3629\/revisions"}],"wp:attachment":[{"href":"https:\/\/www.feuerwehrkostheim.de\/index.php?rest_route=%2Fwp%2Fv2%2Fmedia&parent=3629"}],"wp:term":[{"taxonomy":"category","embeddable":true,"href":"https:\/\/www.feuerwehrkostheim.de\/index.php?rest_route=%2Fwp%2Fv2%2Fcategories&post=3629"},{"taxonomy":"post_tag","embeddable":true,"href":"https:\/\/www.feuerwehrkostheim.de\/index.php?rest_route=%2Fwp%2Fv2%2Ftags&post=3629"}],"curies":[{"name":"wp","href":"https:\/\/api.w.org\/{rel}","templated":true}]}}