{"id":3610,"date":"2017-06-19T19:30:49","date_gmt":"2017-06-19T17:30:49","guid":{"rendered":"http:\/\/www.feuerwehrkostheim.de\/?p=3610"},"modified":"2018-06-02T14:04:05","modified_gmt":"2018-06-02T13:04:05","slug":"gebaeudebrand-in-der-boelckestrasse-alle-bewohner-gerettet","status":"publish","type":"post","link":"https:\/\/www.feuerwehrkostheim.de\/?p=3610","title":{"rendered":"Geb\u00e4udebrand in der Boelckestrasse &#8211; alle Bewohner gerettet"},"content":{"rendered":"<p><img loading=\"lazy\" decoding=\"async\" class=\"alignleft\" title=\"Einsatz-Logo\" src=\"http:\/\/www.feuerwehrkostheim.de\/wp-content\/bilder\/sonstige\/logo_einsatz.jpg\" alt=\"Einsatz-Logo\" width=\"100\" height=\"100\" \/><strong>18. Juni 2017 &#8211; 23:18 Uhr<\/strong><br \/>\n<strong>Boelckestra\u00dfe 61<\/strong><br \/>\nFF-Einheit<br \/>\nEinsatz 50 &#8211; 2017<\/p>\n<p><img decoding=\"async\" class=\"alignright size-medium\" style=\"border: 4px solid #D8D8D8;\" src=\"https:\/\/c1.staticflickr.com\/5\/4244\/34566132714_7fab3812e0_n.jpg\" height=\"213\" \/>Kurz nach 23 Uhr am Sonntagabend erreichten mehrere Notrufe die Wiesbadener Rettungsleitstelle die von einem Wohnungsbrand in der Kastler Boelckestra\u00dfe berichteten. Umgehend wurde die zust\u00e4ndige Feuerwehr Kastel sowie ein L\u00f6schzug der Berufsfeuerwehr in Marsch gesetzt. Aufgrund der Vielzahl der Notrufe und der aus den Anrufen hervorgehenden Situation vor Ort, wurde fast zeitgleich zum Eintreffen der ersten Einsatzkr\u00e4fte zus\u00e4tzlich auch die Kostheimer Feuerwehr alarmiert.<\/p>\n<p>Vor Ort bot sich den Kameraden ein erschreckendes Bild. Neben dem kompletten ersten Obergeschoss stand auch die Dachgescho\u00dfwohnung schon im Vollbrand. Die Fenster waren geborsten und die Flammen schlugen Meterhoch aus den Geb\u00e4ude\u00f6ffnungen.<\/p>\n<p><!--more--><img decoding=\"async\" class=\"alignleft size-medium\" style=\"border: 4px solid #D8D8D8;\" src=\"https:\/\/c1.staticflickr.com\/5\/4263\/34566132464_dda4529feb_n.jpg\" height=\"213\" \/>Gl\u00fccklicherweise konnten sich alle Bewohner des Hauses rechtzeitig ins Freie retten, sodass sich die Feuerwehr der umf\u00e4nglichen Brandbek\u00e4mpfung widmen konnte. Mit zwei Trupps unter Atemschutz startete ein Innenangriff der \u00fcber das Treppenhaus aufgebaut wurde, w\u00e4hrend von au\u00dfen weitere Strahlrohre zum Einsatz kamen. Weiterhin wurden zwei Drehleitern in Stellung gebracht um auch von hier \u00fcber die Wenderohre Brandherde bek\u00e4mpfen zu k\u00f6nnen.<\/p>\n<p>F\u00fcr die aus dem Haus gefl\u00fcchteten Bewohner alarmierte die Leistelle eine Betreuungseinheit des Rettungsdienstes die sich im ebenfalls bereitgestellten Betreuungsbus der Berufsfeuerwehr um die Menschen k\u00fcmmerte.<\/p>\n<p><img decoding=\"async\" class=\"alignright size-medium\" style=\"border: 4px solid #D8D8D8;\" src=\"https:\/\/c1.staticflickr.com\/5\/4288\/35408430525_1707bf4166_n.jpg\" height=\"213\" \/>Das Feuer konnte durch den massiv vorgetragenen L\u00f6schangriff zwar schnell unter Kontrolle gebracht werden; da der Brand aber bis in den Dachstuhl und den dort befindlichen Zwischenboden w\u00fctete, gestalteten sich die Nachl\u00f6scharbeiten als \u00e4u\u00dferst umfangreich. Nach und nach l\u00f6sten immer wieder weitere Trupps unter Atemschutz die Kameraden, die ihre Einsatzzeit im Geb\u00e4ude hinter sich hatten, ab.<\/p>\n<p>F\u00fcr die Versorgung der Kr\u00e4fte mit frischen Atemschutzger\u00e4ten kam der Wechsellader Atemschutz zum Einsatz. Die Logistikgruppe der FF Stadtmitte wurde ebenfalls alarmiert um mit dem Abrollbeh\u00e4lter Sozial die Verpflegung mit Kaltgetr\u00e4nken sowie einem kleinen Imbiss sicherzustellen.<\/p>\n<p>F\u00fcr das Brandobjekt, das mittels Bauzaun noch abgesichert wurde, stand bis zum fr\u00fchen Morgen eine Brandwache bereit. Der Kreuzungsbereich Otto-Suhr-Ring \/ Boelckestra\u00dfe war zeitweise komplett gesperrt. Die Brandermittler der Kripo haben noch in der Nacht die Ermittlungen zur aktuell noch unbekannten Brandursache aufgenommen. Der Sachschaden wird auf mehrere 100.000 \u20ac beziffert. Die Freiwilligen Wehren Rambach und Sonnenberg besetzten die verwaiste Feuerwache. Da das Haus komplett unbewohnbar ist, sorgte die SIN (Seelsorger in Notf\u00e4llen) f\u00fcr die Unterbringung der Hausbewohner.<\/p>\n<p><img decoding=\"async\" class=\"alignleft size-medium\" style=\"border: 4px solid #D8D8D8;\" src=\"https:\/\/c1.staticflickr.com\/5\/4263\/35278962061_642dd4f265_n.jpg\" height=\"213\" \/>Die Kostheimer Feuerwehr wurde nach etwa f\u00fcnf Stunden aus dem Einsatzgeschehen herausgebunden. Nachdem die Fahrzeuge wieder aufger\u00fcstet waren, traten die Kameraden bei Anbruch des Tages vom Ger\u00e4tehaus den Nachhauseweg an \u2013 bei vielen von ihnen mit dem Ziel zu duschen um danach auf die Arbeit durchzustarten.<\/p>\n<p>Vielen Dank an <a href=\"http:\/\/www.wiesbaden112.de\">Wiesbaden112.de<\/a> f\u00fcr die zur Verf\u00fcgungstellung der Bilder.<\/p>\n<p>[FAGP id=3614]<\/p>\n","protected":false},"excerpt":{"rendered":"<p>18. Juni 2017 &#8211; 23:18 Uhr Boelckestra\u00dfe 61 FF-Einheit Einsatz 50 &#8211; 2017 Kurz nach 23 Uhr am Sonntagabend erreichten mehrere Notrufe die Wiesbadener Rettungsleitstelle die von einem Wohnungsbrand in der Kastler Boelckestra\u00dfe berichteten. Umgehend wurde die zust\u00e4ndige Feuerwehr Kastel sowie ein L\u00f6schzug der Berufsfeuerwehr in Marsch gesetzt. Aufgrund der Vielzahl der Notrufe und der [&hellip;]<\/p>\n","protected":false},"author":1,"featured_media":0,"comment_status":"closed","ping_status":"open","sticky":false,"template":"","format":"standard","meta":{"_et_pb_use_builder":"","_et_pb_old_content":"","_et_gb_content_width":"","_crdt_document":"","footnotes":""},"categories":[5],"tags":[50,305,31,698,309,222,355],"class_list":["post-3610","post","type-post","status-publish","format-standard","hentry","category-einsatze","tag-brand","tag-dachstuhl","tag-feuer","tag-gebaeudebrand","tag-grossbrand","tag-kastel","tag-vollbrand"],"_links":{"self":[{"href":"https:\/\/www.feuerwehrkostheim.de\/index.php?rest_route=\/wp\/v2\/posts\/3610","targetHints":{"allow":["GET"]}}],"collection":[{"href":"https:\/\/www.feuerwehrkostheim.de\/index.php?rest_route=\/wp\/v2\/posts"}],"about":[{"href":"https:\/\/www.feuerwehrkostheim.de\/index.php?rest_route=\/wp\/v2\/types\/post"}],"author":[{"embeddable":true,"href":"https:\/\/www.feuerwehrkostheim.de\/index.php?rest_route=\/wp\/v2\/users\/1"}],"replies":[{"embeddable":true,"href":"https:\/\/www.feuerwehrkostheim.de\/index.php?rest_route=%2Fwp%2Fv2%2Fcomments&post=3610"}],"version-history":[{"count":0,"href":"https:\/\/www.feuerwehrkostheim.de\/index.php?rest_route=\/wp\/v2\/posts\/3610\/revisions"}],"wp:attachment":[{"href":"https:\/\/www.feuerwehrkostheim.de\/index.php?rest_route=%2Fwp%2Fv2%2Fmedia&parent=3610"}],"wp:term":[{"taxonomy":"category","embeddable":true,"href":"https:\/\/www.feuerwehrkostheim.de\/index.php?rest_route=%2Fwp%2Fv2%2Fcategories&post=3610"},{"taxonomy":"post_tag","embeddable":true,"href":"https:\/\/www.feuerwehrkostheim.de\/index.php?rest_route=%2Fwp%2Fv2%2Ftags&post=3610"}],"curies":[{"name":"wp","href":"https:\/\/api.w.org\/{rel}","templated":true}]}}