{"id":3571,"date":"2017-06-02T14:56:31","date_gmt":"2017-06-02T12:56:31","guid":{"rendered":"http:\/\/www.feuerwehrkostheim.de\/?p=3571"},"modified":"2018-06-02T14:04:06","modified_gmt":"2018-06-02T13:04:06","slug":"kostheimer-wehr-blickt-auf-einen-erfolgreichen-tag-der-offenen-tuer-zurueck","status":"publish","type":"post","link":"https:\/\/www.feuerwehrkostheim.de\/?p=3571","title":{"rendered":"Kostheimer Wehr blickt auf einen erfolgreichen &#8220;Tag der offenen T\u00fcr&#8221; zur\u00fcck"},"content":{"rendered":"<p><img decoding=\"async\" class=\"alignright size-medium\" style=\"border: 4px solid #D8D8D8;\" src=\"https:\/\/c1.staticflickr.com\/5\/4252\/34239131863_9c6d7e0448_n.jpg\" height=\"240\" \/>Bei herrlichem Fr\u00fchsommerwetter veranstaltete die Kostheimer Feuerwehr in diesem Jahr an Christi Himmelfahrt wieder ihren Tag der offenen T\u00fcr. P\u00fcnktlich um 10 Uhr waren alle Vorbereitungen abgeschlossen und die ersten Besucher trafen ein. Im Bereich der Fahrzeugausstellung konnten nicht nur die eigenen Fahrzeuge samt Boot sondern auch weitere Einsatzfahrzeuge bestaunt werden. Das Highlight neben einem Hilfeleistungsl\u00f6schfahrzeug der Freiwilligen Feuerwehr Ginsheim-Gustavsburg und einer Drehleiter der Wiesbadener Berufsfeuerwehr war ohne Zweifel das fast 13 Meter lange \u201eUniversall\u00f6schfahrzug (ULF)\u201c der Werkfeuerwehr InfraServ H\u00f6chst.<\/p>\n<p><img decoding=\"async\" class=\"alignleft size-medium\" style=\"border: 4px solid #D8D8D8;\" src=\"https:\/\/c1.staticflickr.com\/5\/4282\/34917973231_64017a80bd_m.jpg\" height=\"240\" \/>Doch nicht nur die Technik stand an diesem Tag im Vordergrund. Unter dem Motto \u201eFeuerwehr zum Anfassen\u201c konnten Besucher die Feuerschutzkleidung anziehen, mit dem Strahlrohr spritzen oder diverse Ausr\u00fcstungsgegenst\u00e4nde wie Atemschutzger\u00e4te in die Hand nehmen. Nicht wenige waren \u00fcber die Gewichte erstaunt, die von jedem einzelnen Feuerwehrmann (oder Feuerwehrfrau) im Einsatzfall zu tragen sind. Ein weiterer Erfahrungswert war bei vielen Besuchern auch die gerade in den Sommermonaten nicht gerade angenehm zu tragende Feuerschutzkleidung. Der auf der einen Seite wichtige Schutz vor Feuer und Hitze im Zuge bei einer Brandbek\u00e4mpfung stellt andererseits besonders an w\u00e4rmeren Tagen eine enorme Belastung f\u00fcr den Tr\u00e4ger dar.<\/p>\n<p><!--more--><\/p>\n<p>F\u00fcr die ganz kleinen Besucher stand eine H\u00fcpfburg bereit und auch sie konnten mit einem echten Feuerwehrschlauch ihre Spritzk\u00fcnste unter Beweis stellen. Mit dem Kauf eines Spielzeug-Feuerwehrhelms konnten einige ganz begeistere Klein-Grisus auch ein kleines Andenken an diesen Tag mit nach Hause nehmen.<\/p>\n<p><img decoding=\"async\" class=\"alignright size-medium\" style=\"border: 4px solid #D8D8D8;\" src=\"https:\/\/c1.staticflickr.com\/5\/4195\/34206089254_8f849ee7e5_n.jpg\" height=\"240\" \/>\u00dcber den ganzen Tag standen die Feuerwehrkameraden zudem den G\u00e4sten f\u00fcr aufkommende Fragen zur Verf\u00fcgung. Das Hauptaugenmerk lag hierbei bei den Nachwuchsabteilungen. In Kostheim k\u00f6nnen interessierte Kinder schon ab einem Alter von 6 Jahren in die Bambinifeuerwehr eintreten. Hier wird von den Betreuern das Thema Feuerwehr auf kindgerechte Weise vermittelt. Ein breites Spektrum von Spielenachmittagen, Fahrten mit dem Feuerwehrauto, Spritzen mit dem Feuerwehrschlauch bis hin zur Brandschutzerziehung bilden ein Interessantes und abwechslungsreiches Programm. Mit Erreichen des zehnten Lebensjahres erfolgt dann der Wechsel in die Jugendfeuerwehr. Hier bekommen die Jugendlichen altersgerecht das gleiche Handwerkszeug vermittelt, mit dem auch die Einsatzabteilung \u2013 in die man mit 17 Jahren eintreten kann &#8211; sp\u00e4ter ihre Eins\u00e4tze abarbeitet. Die Teilnahme an Leistungswettbewerben, gemeinsamen \u00dcbungen mit der Einsatzabteilung, Freizeitveranstaltungen und Ausfl\u00fcgen runden auch hier das kurzweilige Angebot ab.<\/p>\n<p>F\u00fcr einige Besucher \u2013 auch verschiedenen Alters \u2013 war das Angebotene so beeindruckend, dass in ihnen das Interesse Feuerwehr geweckt wurde und sie bei einem der n\u00e4chsten \u00dcbungsdienste vorbeischauen wollen.<\/p>\n<p>Bei allem, was an diesem Tag zum Thema Feuerwehr geboten wurde, durfte auch die Verk\u00f6stigung der G\u00e4ste nicht zu kurz kommen. Neben der erfrischenden Getr\u00e4nkeauswahl und dem deftigen Grillgut war als s\u00fc\u00dfe Alternative ein reichhaltiges Kuchenbuffet samt Crepestheke aufgebaut.<\/p>\n<p><img loading=\"lazy\" decoding=\"async\" class=\"aligncenter size-medium\" src=\"https:\/\/c1.staticflickr.com\/5\/4213\/34885841612_16b55ffdc6.jpg\" width=\"500\" height=\"375\" \/><\/p>\n<p>Mit dem positiven Eindruck, einen absolut gelungenen Tag \u2013 nicht nur f\u00fcr die Kostheimer Feuerwehr, sondern auch f\u00fcr alle G\u00e4ste \u2013 veranstaltet zu haben, freuen sich die Kameraden schon jetzt auf den 30.05.2019 \u2013 zum n\u00e4chsten Tag der offenen T\u00fcr.<\/p>\n<p>[FAGP id=3576]<\/p>\n","protected":false},"excerpt":{"rendered":"<p>Bei herrlichem Fr\u00fchsommerwetter veranstaltete die Kostheimer Feuerwehr in diesem Jahr an Christi Himmelfahrt wieder ihren Tag der offenen T\u00fcr. P\u00fcnktlich um 10 Uhr waren alle Vorbereitungen abgeschlossen und die ersten Besucher trafen ein. Im Bereich der Fahrzeugausstellung konnten nicht nur die eigenen Fahrzeuge samt Boot sondern auch weitere Einsatzfahrzeuge bestaunt werden. Das Highlight neben einem [&hellip;]<\/p>\n","protected":false},"author":1,"featured_media":0,"comment_status":"closed","ping_status":"open","sticky":false,"template":"","format":"standard","meta":{"_et_pb_use_builder":"","_et_pb_old_content":"","_et_gb_content_width":"","_crdt_document":"","footnotes":""},"categories":[3,4,7,9],"tags":[604,20,969,970,82,971,250],"class_list":["post-3571","post","type-post","status-publish","format-standard","hentry","category-bambinifeuerwehr","category-einsatzabteilung","category-jugendfeuerwehr","category-veranstaltungen","tag-fahrzeugausstellung","tag-geratehaus","tag-offene","tag-tag","tag-tur","tag-ulf","tag-vatertag"],"_links":{"self":[{"href":"https:\/\/www.feuerwehrkostheim.de\/index.php?rest_route=\/wp\/v2\/posts\/3571","targetHints":{"allow":["GET"]}}],"collection":[{"href":"https:\/\/www.feuerwehrkostheim.de\/index.php?rest_route=\/wp\/v2\/posts"}],"about":[{"href":"https:\/\/www.feuerwehrkostheim.de\/index.php?rest_route=\/wp\/v2\/types\/post"}],"author":[{"embeddable":true,"href":"https:\/\/www.feuerwehrkostheim.de\/index.php?rest_route=\/wp\/v2\/users\/1"}],"replies":[{"embeddable":true,"href":"https:\/\/www.feuerwehrkostheim.de\/index.php?rest_route=%2Fwp%2Fv2%2Fcomments&post=3571"}],"version-history":[{"count":0,"href":"https:\/\/www.feuerwehrkostheim.de\/index.php?rest_route=\/wp\/v2\/posts\/3571\/revisions"}],"wp:attachment":[{"href":"https:\/\/www.feuerwehrkostheim.de\/index.php?rest_route=%2Fwp%2Fv2%2Fmedia&parent=3571"}],"wp:term":[{"taxonomy":"category","embeddable":true,"href":"https:\/\/www.feuerwehrkostheim.de\/index.php?rest_route=%2Fwp%2Fv2%2Fcategories&post=3571"},{"taxonomy":"post_tag","embeddable":true,"href":"https:\/\/www.feuerwehrkostheim.de\/index.php?rest_route=%2Fwp%2Fv2%2Ftags&post=3571"}],"curies":[{"name":"wp","href":"https:\/\/api.w.org\/{rel}","templated":true}]}}