{"id":3567,"date":"2017-05-31T17:37:20","date_gmt":"2017-05-31T15:37:20","guid":{"rendered":"http:\/\/www.feuerwehrkostheim.de\/?p=3567"},"modified":"2018-06-02T14:04:06","modified_gmt":"2018-06-02T13:04:06","slug":"pkw-brand-in-der-rampenstrasse","status":"publish","type":"post","link":"https:\/\/www.feuerwehrkostheim.de\/?p=3567","title":{"rendered":"PKW-Brand in der Rampenstra\u00dfe"},"content":{"rendered":"<p><img loading=\"lazy\" decoding=\"async\" class=\"alignleft\" title=\"Einsatz-Logo\" src=\"http:\/\/www.feuerwehrkostheim.de\/wp-content\/bilder\/sonstige\/logo_einsatz.jpg\" alt=\"Einsatz-Logo\" width=\"100\" height=\"100\" \/><strong>31. Mai 2017 &#8211; 14:32 Uhr<\/strong><br \/>\n<strong>Rampenstra\u00dfe<\/strong><br \/>\nFF-Einheit \/ Alarmgruppe mit FF-Kastel<br \/>\nEinsatz 42 &#8211; 2017<\/p>\n<p>W\u00e4hrend Wiesbadener Feuerwehreinheiten bei einem Einsatz auf der A3 eingebunden waren, ging die Meldung \u00fcber einen brennenden PKW in der Kasteler Rampenstra\u00dfe ein. Die Alarmgruppe der Wehren Kostheim und Kastel alarmiert. Als die Kameraden aus Kostheim vor Ort eingetroffen waren, war das Feuer im Bereich der Auspuffanlange bereits vom Fahrer durch die Zuhilfenahme eines Feuerl\u00f6schers gel\u00f6scht. Die Feuerwehr kontrollierte das Fahrzeug noch, stellte aber keine weitere Gef\u00e4hrdung fest und konnte somit den Einsatz beenden.<\/p>\n","protected":false},"excerpt":{"rendered":"<p>31. Mai 2017 &#8211; 14:32 Uhr Rampenstra\u00dfe FF-Einheit \/ Alarmgruppe mit FF-Kastel Einsatz 42 &#8211; 2017 W\u00e4hrend Wiesbadener Feuerwehreinheiten bei einem Einsatz auf der A3 eingebunden waren, ging die Meldung \u00fcber einen brennenden PKW in der Kasteler Rampenstra\u00dfe ein. Die Alarmgruppe der Wehren Kostheim und Kastel alarmiert. Als die Kameraden aus Kostheim vor Ort eingetroffen [&hellip;]<\/p>\n","protected":false},"author":1,"featured_media":0,"comment_status":"closed","ping_status":"open","sticky":false,"template":"","format":"standard","meta":{"_et_pb_use_builder":"","_et_pb_old_content":"","_et_gb_content_width":"","_crdt_document":"","footnotes":""},"categories":[5],"tags":[110,31,422],"class_list":["post-3567","post","type-post","status-publish","format-standard","hentry","category-einsatze","tag-alarmgruppe","tag-feuer","tag-pkw"],"_links":{"self":[{"href":"https:\/\/www.feuerwehrkostheim.de\/index.php?rest_route=\/wp\/v2\/posts\/3567","targetHints":{"allow":["GET"]}}],"collection":[{"href":"https:\/\/www.feuerwehrkostheim.de\/index.php?rest_route=\/wp\/v2\/posts"}],"about":[{"href":"https:\/\/www.feuerwehrkostheim.de\/index.php?rest_route=\/wp\/v2\/types\/post"}],"author":[{"embeddable":true,"href":"https:\/\/www.feuerwehrkostheim.de\/index.php?rest_route=\/wp\/v2\/users\/1"}],"replies":[{"embeddable":true,"href":"https:\/\/www.feuerwehrkostheim.de\/index.php?rest_route=%2Fwp%2Fv2%2Fcomments&post=3567"}],"version-history":[{"count":0,"href":"https:\/\/www.feuerwehrkostheim.de\/index.php?rest_route=\/wp\/v2\/posts\/3567\/revisions"}],"wp:attachment":[{"href":"https:\/\/www.feuerwehrkostheim.de\/index.php?rest_route=%2Fwp%2Fv2%2Fmedia&parent=3567"}],"wp:term":[{"taxonomy":"category","embeddable":true,"href":"https:\/\/www.feuerwehrkostheim.de\/index.php?rest_route=%2Fwp%2Fv2%2Fcategories&post=3567"},{"taxonomy":"post_tag","embeddable":true,"href":"https:\/\/www.feuerwehrkostheim.de\/index.php?rest_route=%2Fwp%2Fv2%2Ftags&post=3567"}],"curies":[{"name":"wp","href":"https:\/\/api.w.org\/{rel}","templated":true}]}}