{"id":3538,"date":"2017-05-18T17:41:00","date_gmt":"2017-05-18T15:41:00","guid":{"rendered":"http:\/\/www.feuerwehrkostheim.de\/?p=3538"},"modified":"2018-06-02T14:04:06","modified_gmt":"2018-06-02T13:04:06","slug":"uebungsdienst-wie-die-grossen","status":"publish","type":"post","link":"https:\/\/www.feuerwehrkostheim.de\/?p=3538","title":{"rendered":"\u00dcbungsdienst wie die Gro\u00dfen!"},"content":{"rendered":"<p><a href=\"http:\/\/www.feuerwehrkostheim.de\/wp-content\/uploads\/2017\/05\/2017-05-06_\u00dcbung-PA-1.jpg\"><img loading=\"lazy\" decoding=\"async\" class=\"alignright size-medium wp-image-3550\" src=\"http:\/\/www.feuerwehrkostheim.de\/wp-content\/uploads\/2017\/05\/2017-05-06_\u00dcbung-PA-1-225x300.jpg\" alt=\"\" width=\"225\" height=\"300\" srcset=\"https:\/\/www.feuerwehrkostheim.de\/wp-content\/uploads\/2017\/05\/2017-05-06_\u00dcbung-PA-1-225x300.jpg 225w, https:\/\/www.feuerwehrkostheim.de\/wp-content\/uploads\/2017\/05\/2017-05-06_\u00dcbung-PA-1-768x1024.jpg 768w, https:\/\/www.feuerwehrkostheim.de\/wp-content\/uploads\/2017\/05\/2017-05-06_\u00dcbung-PA-1.jpg 1144w\" sizes=\"(max-width: 225px) 100vw, 225px\" \/><\/a>Einen \u00dcbungsdienst der etwas anderen Art hielten an einem Mai-Samstag die Blaur\u00f6cke der Jugendfeuerwehr Kostheim zusammen mit ihren Kameradinnen und Kameraden der Bambinifeuerwehr ab. P\u00fcnktlich zu \u00dcbungsbeginn verteilte man sich auf die beiden L\u00f6schfahrzeuge und den Mannschaftstransportwagen um in Richtung Feuerwache 2 zu fahren.<\/p>\n<p>Dort erwartete die Jungen und M\u00e4dchen ein interessanter Nachmittag, bei dem sie nicht nur die Atemschutzstrecke anschauen und durchlaufen konnten, sondern auch auf den vorher zu bew\u00e4ltigenden Trainingsger\u00e4ten wie Laufband, Endlosleiter oder Heimtrainer ihre sportlichen Leistungen zum Besten geben durften.<br \/>\nNachdem alle reichlich ausgepowert, aber gl\u00fccklich, im Feuerwehrger\u00e4tehaus zur\u00fcck waren konnte noch ein Abschlusseis in Empfang genommen und die \u00dcbung f\u00fcr beendet erkl\u00e4rt werden.<\/p>\n<p><!--more--><\/p>\n<p><a href=\"http:\/\/www.feuerwehrkostheim.de\/wp-content\/uploads\/2017\/05\/2017-05-06_\u00dcbung-PA-2.jpg\"><img loading=\"lazy\" decoding=\"async\" class=\"alignleft size-medium wp-image-3552\" src=\"http:\/\/www.feuerwehrkostheim.de\/wp-content\/uploads\/2017\/05\/2017-05-06_\u00dcbung-PA-2-300x176.jpg\" alt=\"\" width=\"300\" height=\"176\" srcset=\"https:\/\/www.feuerwehrkostheim.de\/wp-content\/uploads\/2017\/05\/2017-05-06_\u00dcbung-PA-2-300x176.jpg 300w, https:\/\/www.feuerwehrkostheim.de\/wp-content\/uploads\/2017\/05\/2017-05-06_\u00dcbung-PA-2-768x450.jpg 768w, https:\/\/www.feuerwehrkostheim.de\/wp-content\/uploads\/2017\/05\/2017-05-06_\u00dcbung-PA-2-1024x600.jpg 1024w, https:\/\/www.feuerwehrkostheim.de\/wp-content\/uploads\/2017\/05\/2017-05-06_\u00dcbung-PA-2.jpg 1525w\" sizes=\"(max-width: 300px) 100vw, 300px\" \/><\/a>Den Jungen und M\u00e4dchen hat die M\u00f6glichkeit sich mal als \u201egro\u00dfer Feuerwehrmann\/-frau\u201c zu f\u00fchlen sehr viel Spa\u00df gemacht und sie freuen sich heute schon auf eine Wiederholung.<\/p>\n<p>An dieser Stelle gilt ein herzliches Dankesch\u00f6n der Berufsfeuerwehr Wiesbaden, die uns an diesem Nachmittag ihre \u00dcbungsstrecke zur Verf\u00fcgung stellte.<\/p>\n<p>[FAGP id=3548]<\/p>\n","protected":false},"excerpt":{"rendered":"<p>Einen \u00dcbungsdienst der etwas anderen Art hielten an einem Mai-Samstag die Blaur\u00f6cke der Jugendfeuerwehr Kostheim zusammen mit ihren Kameradinnen und Kameraden der Bambinifeuerwehr ab. P\u00fcnktlich zu \u00dcbungsbeginn verteilte man sich auf die beiden L\u00f6schfahrzeuge und den Mannschaftstransportwagen um in Richtung Feuerwache 2 zu fahren. Dort erwartete die Jungen und M\u00e4dchen ein interessanter Nachmittag, bei dem [&hellip;]<\/p>\n","protected":false},"author":1,"featured_media":0,"comment_status":"closed","ping_status":"open","sticky":false,"template":"","format":"standard","meta":{"_et_pb_use_builder":"","_et_pb_old_content":"","_et_gb_content_width":"","_crdt_document":"","footnotes":""},"categories":[3,7],"tags":[44,131,105],"class_list":["post-3538","post","type-post","status-publish","format-standard","hentry","category-bambinifeuerwehr","category-jugendfeuerwehr","tag-atemschutz","tag-nachwuchs","tag-ubung"],"_links":{"self":[{"href":"https:\/\/www.feuerwehrkostheim.de\/index.php?rest_route=\/wp\/v2\/posts\/3538","targetHints":{"allow":["GET"]}}],"collection":[{"href":"https:\/\/www.feuerwehrkostheim.de\/index.php?rest_route=\/wp\/v2\/posts"}],"about":[{"href":"https:\/\/www.feuerwehrkostheim.de\/index.php?rest_route=\/wp\/v2\/types\/post"}],"author":[{"embeddable":true,"href":"https:\/\/www.feuerwehrkostheim.de\/index.php?rest_route=\/wp\/v2\/users\/1"}],"replies":[{"embeddable":true,"href":"https:\/\/www.feuerwehrkostheim.de\/index.php?rest_route=%2Fwp%2Fv2%2Fcomments&post=3538"}],"version-history":[{"count":0,"href":"https:\/\/www.feuerwehrkostheim.de\/index.php?rest_route=\/wp\/v2\/posts\/3538\/revisions"}],"wp:attachment":[{"href":"https:\/\/www.feuerwehrkostheim.de\/index.php?rest_route=%2Fwp%2Fv2%2Fmedia&parent=3538"}],"wp:term":[{"taxonomy":"category","embeddable":true,"href":"https:\/\/www.feuerwehrkostheim.de\/index.php?rest_route=%2Fwp%2Fv2%2Fcategories&post=3538"},{"taxonomy":"post_tag","embeddable":true,"href":"https:\/\/www.feuerwehrkostheim.de\/index.php?rest_route=%2Fwp%2Fv2%2Ftags&post=3538"}],"curies":[{"name":"wp","href":"https:\/\/api.w.org\/{rel}","templated":true}]}}