{"id":3518,"date":"2017-05-01T15:34:29","date_gmt":"2017-05-01T13:34:29","guid":{"rendered":"http:\/\/www.feuerwehrkostheim.de\/?p=3518"},"modified":"2018-06-02T14:04:06","modified_gmt":"2018-06-02T13:04:06","slug":"wieder-geht-eine-muelltonne-in-flammen-auf-diesmal-in-alt-kostheim","status":"publish","type":"post","link":"https:\/\/www.feuerwehrkostheim.de\/?p=3518","title":{"rendered":"Wieder geht eine M\u00fclltonne in Flammen auf &#8211; diesmal in Alt-Kostheim"},"content":{"rendered":"<p><img loading=\"lazy\" decoding=\"async\" class=\"alignleft\" title=\"Einsatz-Logo\" src=\"http:\/\/www.feuerwehrkostheim.de\/wp-content\/bilder\/sonstige\/logo_einsatz.jpg\" alt=\"Einsatz-Logo\" width=\"100\" height=\"100\" \/><strong>30. April 2017 &#8211; 22:19 Uhr<\/strong><br \/>\n<strong>Hauptstra\u00dfe 16<\/strong><br \/>\nFF-Einheit<br \/>\nEinsatz 36 &#8211; 2017<\/p>\n<div id=\"attachment_3517\" style=\"width: 310px\" class=\"wp-caption alignright\"><a href=\"http:\/\/www.feuerwehrkostheim.de\/wp-content\/uploads\/2017\/05\/20170430_Muelltonnenbrand.jpg\" target=\"_blank\" rel=\"noopener noreferrer\"><img loading=\"lazy\" decoding=\"async\" aria-describedby=\"caption-attachment-3517\" class=\"wp-image-3517 size-medium\" src=\"http:\/\/www.feuerwehrkostheim.de\/wp-content\/uploads\/2017\/05\/20170430_Muelltonnenbrand-300x200.jpg\" alt=\"\" width=\"300\" height=\"200\" srcset=\"https:\/\/www.feuerwehrkostheim.de\/wp-content\/uploads\/2017\/05\/20170430_Muelltonnenbrand-300x200.jpg 300w, https:\/\/www.feuerwehrkostheim.de\/wp-content\/uploads\/2017\/05\/20170430_Muelltonnenbrand-768x511.jpg 768w, https:\/\/www.feuerwehrkostheim.de\/wp-content\/uploads\/2017\/05\/20170430_Muelltonnenbrand-1024x682.jpg 1024w, https:\/\/www.feuerwehrkostheim.de\/wp-content\/uploads\/2017\/05\/20170430_Muelltonnenbrand.jpg 1500w\" sizes=\"(max-width: 300px) 100vw, 300px\" \/><\/a><p id=\"caption-attachment-3517\" class=\"wp-caption-text\">Foto: Wiesbaden112.de<\/p><\/div>\n<p>Obwohl die Kostheimer Feuerwehr in diesem Monat schon zu einigen Eins\u00e4tzen mit brennenden M\u00fcllbeh\u00e4ltern alarmiert wurde, lautete auch beim letzten Einsatz im April das Einsatzstichwort \u201emehrere brennende Abfalltonnen neben geparkten PKW\u201c. Die Alarmierung f\u00fcr die Kr\u00e4fte von Berufs- und Freiwilliger Feuerwehr erfolgte am Sonntagabend gegen 22:20 Uhr. Beim Eintreffen im Bereich des Kindergartens stand eine M\u00fclltonne bereits in Vollbrand. Durch einen Trupp unter Atemschutz konnte das Feuer schnell gel\u00f6scht und somit die Ausbreitung auf die benachbarten Beh\u00e4lter sowie das ebenfalls in unmittelbarer N\u00e4he geparkte Fahrzeug verhindert werden. Neben dem abgebrannten M\u00fcllk\u00fcbel wurde auch ein unmittelbar am Sammelplatz stehender Baum in Mitleidenschaft gezogen. Die Kollegen der Berufsfeuerwehr mussten nicht unterst\u00fctzend eingreifen, f\u00fcr die Besatzung des Kostheimer L\u00f6schfahrzeuges dauerte der Einsatz knapp eine Stunde.<\/p>\n<p>In Verbindung mit dem Brand berichteten mehrere Zeugen von einer aus vier Personen bestehenden Gruppe, die sich unmittelbar nach Entdecken des Feuers an der Einsatzstelle aufhielt.<\/p>\n","protected":false},"excerpt":{"rendered":"<p>30. April 2017 &#8211; 22:19 Uhr Hauptstra\u00dfe 16 FF-Einheit Einsatz 36 &#8211; 2017 Obwohl die Kostheimer Feuerwehr in diesem Monat schon zu einigen Eins\u00e4tzen mit brennenden M\u00fcllbeh\u00e4ltern alarmiert wurde, lautete auch beim letzten Einsatz im April das Einsatzstichwort \u201emehrere brennende Abfalltonnen neben geparkten PKW\u201c. Die Alarmierung f\u00fcr die Kr\u00e4fte von Berufs- und Freiwilliger Feuerwehr erfolgte [&hellip;]<\/p>\n","protected":false},"author":1,"featured_media":0,"comment_status":"closed","ping_status":"open","sticky":false,"template":"","format":"standard","meta":{"_et_pb_use_builder":"","_et_pb_old_content":"","_et_gb_content_width":"","_crdt_document":"","footnotes":""},"categories":[5],"tags":[44,50,31,49],"class_list":["post-3518","post","type-post","status-publish","format-standard","hentry","category-einsatze","tag-atemschutz","tag-brand","tag-feuer","tag-gmt"],"_links":{"self":[{"href":"https:\/\/www.feuerwehrkostheim.de\/index.php?rest_route=\/wp\/v2\/posts\/3518","targetHints":{"allow":["GET"]}}],"collection":[{"href":"https:\/\/www.feuerwehrkostheim.de\/index.php?rest_route=\/wp\/v2\/posts"}],"about":[{"href":"https:\/\/www.feuerwehrkostheim.de\/index.php?rest_route=\/wp\/v2\/types\/post"}],"author":[{"embeddable":true,"href":"https:\/\/www.feuerwehrkostheim.de\/index.php?rest_route=\/wp\/v2\/users\/1"}],"replies":[{"embeddable":true,"href":"https:\/\/www.feuerwehrkostheim.de\/index.php?rest_route=%2Fwp%2Fv2%2Fcomments&post=3518"}],"version-history":[{"count":0,"href":"https:\/\/www.feuerwehrkostheim.de\/index.php?rest_route=\/wp\/v2\/posts\/3518\/revisions"}],"wp:attachment":[{"href":"https:\/\/www.feuerwehrkostheim.de\/index.php?rest_route=%2Fwp%2Fv2%2Fmedia&parent=3518"}],"wp:term":[{"taxonomy":"category","embeddable":true,"href":"https:\/\/www.feuerwehrkostheim.de\/index.php?rest_route=%2Fwp%2Fv2%2Fcategories&post=3518"},{"taxonomy":"post_tag","embeddable":true,"href":"https:\/\/www.feuerwehrkostheim.de\/index.php?rest_route=%2Fwp%2Fv2%2Ftags&post=3518"}],"curies":[{"name":"wp","href":"https:\/\/api.w.org\/{rel}","templated":true}]}}