{"id":3513,"date":"2017-04-27T17:21:30","date_gmt":"2017-04-27T15:21:30","guid":{"rendered":"http:\/\/www.feuerwehrkostheim.de\/?p=3513"},"modified":"2018-06-02T14:04:07","modified_gmt":"2018-06-02T13:04:07","slug":"terminhinweis-tag-der-offenen-tuer-am-25-mai-vatertag","status":"publish","type":"post","link":"https:\/\/www.feuerwehrkostheim.de\/?p=3513","title":{"rendered":"[Terminhinweis:] Tag der offenen T\u00fcr am 25. Mai (Vatertag)"},"content":{"rendered":"<div id=\"attachment_3512\" style=\"width: 310px\" class=\"wp-caption alignright\"><a href=\"http:\/\/www.feuerwehrkostheim.de\/wp-content\/uploads\/2017\/04\/IMG_20170427_170744.jpg\" target=\"_blank\" rel=\"noopener noreferrer\"><img loading=\"lazy\" decoding=\"async\" aria-describedby=\"caption-attachment-3512\" class=\"wp-image-3512 size-medium\" src=\"http:\/\/www.feuerwehrkostheim.de\/wp-content\/uploads\/2017\/04\/IMG_20170427_170744-300x300.jpg\" alt=\"\" width=\"300\" height=\"300\" srcset=\"https:\/\/www.feuerwehrkostheim.de\/wp-content\/uploads\/2017\/04\/IMG_20170427_170744-300x300.jpg 300w, https:\/\/www.feuerwehrkostheim.de\/wp-content\/uploads\/2017\/04\/IMG_20170427_170744-150x150.jpg 150w, https:\/\/www.feuerwehrkostheim.de\/wp-content\/uploads\/2017\/04\/IMG_20170427_170744-768x768.jpg 768w, https:\/\/www.feuerwehrkostheim.de\/wp-content\/uploads\/2017\/04\/IMG_20170427_170744-1024x1024.jpg 1024w, https:\/\/www.feuerwehrkostheim.de\/wp-content\/uploads\/2017\/04\/IMG_20170427_170744.jpg 1564w\" sizes=\"(max-width: 300px) 100vw, 300px\" \/><\/a><p id=\"caption-attachment-3512\" class=\"wp-caption-text\">Ein Termin zum Vormerken<\/p><\/div>\n<p>Die Kostheimer Feuerwehr veranstaltet am 25. Mai 2017 (Christi Himmelfahrt, Vatertag) wieder ihren traditionell im Zweijahresrhythmus stattfindenden \u201eTag der offenen T\u00fcr\u201c. Zwischen 10 und 17 Uhr k\u00f6nnen die Besucher sich wie gewohnt die Arbeit der Feuerwehr n\u00e4her anschauen, Fahrzeuge bestaunen oder sich auch \u00fcber die Nachwuchsabteilungen (Bambinis, Jugendfeuerwehr) informieren. Neben Attraktionen speziell f\u00fcr die kleineren G\u00e4ste, wird in diesem Jahr das Thema \u201eFeuerwehr zum Anfassen\u201c auch f\u00fcr die \u201eGro\u00dfen\u201c angeboten. Wie schwer ist es, ein Strahlrohr im Einsatz zu halten? Wieviel wiegt die Schutzausr\u00fcstung und einige andere Aspekte mehr stehen hierbei im Vordergrund. Neben den Angeboten rund um \u201edie Feuerwehr\u201c wird selbstverst\u00e4ndlich auch f\u00fcr das leibliche Wohl bestens gesorgt.<\/p>\n<p><em>Die Feuerwehr Kostheim w\u00fcrde sich freuen, auch Sie als G\u00e4ste begr\u00fc\u00dfen zu d\u00fcrfen.<\/em><\/p>\n","protected":false},"excerpt":{"rendered":"<p>Die Kostheimer Feuerwehr veranstaltet am 25. Mai 2017 (Christi Himmelfahrt, Vatertag) wieder ihren traditionell im Zweijahresrhythmus stattfindenden \u201eTag der offenen T\u00fcr\u201c. Zwischen 10 und 17 Uhr k\u00f6nnen die Besucher sich wie gewohnt die Arbeit der Feuerwehr n\u00e4her anschauen, Fahrzeuge bestaunen oder sich auch \u00fcber die Nachwuchsabteilungen (Bambinis, Jugendfeuerwehr) informieren. Neben Attraktionen speziell f\u00fcr die kleineren [&hellip;]<\/p>\n","protected":false},"author":1,"featured_media":0,"comment_status":"closed","ping_status":"open","sticky":false,"template":"","format":"standard","meta":{"_et_pb_use_builder":"","_et_pb_old_content":"","_et_gb_content_width":"","_crdt_document":"","footnotes":""},"categories":[3,4,7,9],"tags":[256,958,250],"class_list":["post-3513","post","type-post","status-publish","format-standard","hentry","category-bambinifeuerwehr","category-einsatzabteilung","category-jugendfeuerwehr","category-veranstaltungen","tag-tag-der-offenen-tur","tag-termin","tag-vatertag"],"_links":{"self":[{"href":"https:\/\/www.feuerwehrkostheim.de\/index.php?rest_route=\/wp\/v2\/posts\/3513","targetHints":{"allow":["GET"]}}],"collection":[{"href":"https:\/\/www.feuerwehrkostheim.de\/index.php?rest_route=\/wp\/v2\/posts"}],"about":[{"href":"https:\/\/www.feuerwehrkostheim.de\/index.php?rest_route=\/wp\/v2\/types\/post"}],"author":[{"embeddable":true,"href":"https:\/\/www.feuerwehrkostheim.de\/index.php?rest_route=\/wp\/v2\/users\/1"}],"replies":[{"embeddable":true,"href":"https:\/\/www.feuerwehrkostheim.de\/index.php?rest_route=%2Fwp%2Fv2%2Fcomments&post=3513"}],"version-history":[{"count":0,"href":"https:\/\/www.feuerwehrkostheim.de\/index.php?rest_route=\/wp\/v2\/posts\/3513\/revisions"}],"wp:attachment":[{"href":"https:\/\/www.feuerwehrkostheim.de\/index.php?rest_route=%2Fwp%2Fv2%2Fmedia&parent=3513"}],"wp:term":[{"taxonomy":"category","embeddable":true,"href":"https:\/\/www.feuerwehrkostheim.de\/index.php?rest_route=%2Fwp%2Fv2%2Fcategories&post=3513"},{"taxonomy":"post_tag","embeddable":true,"href":"https:\/\/www.feuerwehrkostheim.de\/index.php?rest_route=%2Fwp%2Fv2%2Ftags&post=3513"}],"curies":[{"name":"wp","href":"https:\/\/api.w.org\/{rel}","templated":true}]}}