{"id":3467,"date":"2017-04-11T17:37:57","date_gmt":"2017-04-11T15:37:57","guid":{"rendered":"http:\/\/www.feuerwehrkostheim.de\/?p=3467"},"modified":"2018-06-02T14:04:07","modified_gmt":"2018-06-02T13:04:07","slug":"feuer-auf-einem-balkon-schnell-geloescht","status":"publish","type":"post","link":"https:\/\/www.feuerwehrkostheim.de\/?p=3467","title":{"rendered":"Feuer auf einem Balkon schnell gel\u00f6scht"},"content":{"rendered":"<p><img loading=\"lazy\" decoding=\"async\" class=\"alignleft\" title=\"Einsatz-Logo\" src=\"http:\/\/www.feuerwehrkostheim.de\/wp-content\/bilder\/sonstige\/logo_einsatz.jpg\" alt=\"Einsatz-Logo\" width=\"100\" height=\"100\" \/><strong>11. April 2017 &#8211; 14:14 Uhr<\/strong><br \/>\n<strong>Am K\u00f6nigsflo\u00df<\/strong><br \/>\nFF-Einheit \/ Alarmgruppe mit FF-Kastel<br \/>\nEinsatz 27 &#8211; 2017<\/p>\n<p>Am Dienstagmittag wurden die Freiwilligen Feuerwehren Kostheim und Kastel sowie die Berufsfeuerwehr Wiesbaden zu einem gemeldeten Feuer auf einem Balkon im Kasteler K\u00f6nigsflo\u00df alarmiert. Als die Einsatzkr\u00e4fte vor Ort eintrafen, war das Feuer schon weitestgehend gel\u00f6scht und es mussten lediglich kleinere Nachl\u00f6scharbeiten mit einer K\u00fcbelspritze durchgef\u00fchrt werden. Warum die auf dem Balkon abgestellten Dinge in Feuer aufgingen konnte zum Einsatzzeitpunkt nicht bestimmt werden.<\/p>\n","protected":false},"excerpt":{"rendered":"<p>11. April 2017 &#8211; 14:14 Uhr Am K\u00f6nigsflo\u00df FF-Einheit \/ Alarmgruppe mit FF-Kastel Einsatz 27 &#8211; 2017 Am Dienstagmittag wurden die Freiwilligen Feuerwehren Kostheim und Kastel sowie die Berufsfeuerwehr Wiesbaden zu einem gemeldeten Feuer auf einem Balkon im Kasteler K\u00f6nigsflo\u00df alarmiert. Als die Einsatzkr\u00e4fte vor Ort eintrafen, war das Feuer schon weitestgehend gel\u00f6scht und es [&hellip;]<\/p>\n","protected":false},"author":1,"featured_media":0,"comment_status":"closed","ping_status":"open","sticky":false,"template":"","format":"standard","meta":{"_et_pb_use_builder":"","_et_pb_old_content":"","_et_gb_content_width":"","_crdt_document":"","footnotes":""},"categories":[5],"tags":[110,184,31],"class_list":["post-3467","post","type-post","status-publish","format-standard","hentry","category-einsatze","tag-alarmgruppe","tag-balkon","tag-feuer"],"_links":{"self":[{"href":"https:\/\/www.feuerwehrkostheim.de\/index.php?rest_route=\/wp\/v2\/posts\/3467","targetHints":{"allow":["GET"]}}],"collection":[{"href":"https:\/\/www.feuerwehrkostheim.de\/index.php?rest_route=\/wp\/v2\/posts"}],"about":[{"href":"https:\/\/www.feuerwehrkostheim.de\/index.php?rest_route=\/wp\/v2\/types\/post"}],"author":[{"embeddable":true,"href":"https:\/\/www.feuerwehrkostheim.de\/index.php?rest_route=\/wp\/v2\/users\/1"}],"replies":[{"embeddable":true,"href":"https:\/\/www.feuerwehrkostheim.de\/index.php?rest_route=%2Fwp%2Fv2%2Fcomments&post=3467"}],"version-history":[{"count":0,"href":"https:\/\/www.feuerwehrkostheim.de\/index.php?rest_route=\/wp\/v2\/posts\/3467\/revisions"}],"wp:attachment":[{"href":"https:\/\/www.feuerwehrkostheim.de\/index.php?rest_route=%2Fwp%2Fv2%2Fmedia&parent=3467"}],"wp:term":[{"taxonomy":"category","embeddable":true,"href":"https:\/\/www.feuerwehrkostheim.de\/index.php?rest_route=%2Fwp%2Fv2%2Fcategories&post=3467"},{"taxonomy":"post_tag","embeddable":true,"href":"https:\/\/www.feuerwehrkostheim.de\/index.php?rest_route=%2Fwp%2Fv2%2Ftags&post=3467"}],"curies":[{"name":"wp","href":"https:\/\/api.w.org\/{rel}","templated":true}]}}