{"id":3378,"date":"2017-02-12T14:12:41","date_gmt":"2017-02-12T12:12:41","guid":{"rendered":"http:\/\/www.feuerwehrkostheim.de\/?p=3378"},"modified":"2018-06-02T14:04:09","modified_gmt":"2018-06-02T13:04:09","slug":"wachbesetzungen-aufgrund-schwerer-unfaelle","status":"publish","type":"post","link":"https:\/\/www.feuerwehrkostheim.de\/?p=3378","title":{"rendered":"Wachbesetzungen aufgrund schwerer Unf\u00e4lle"},"content":{"rendered":"<p><img loading=\"lazy\" decoding=\"async\" class=\"alignleft\" title=\"Einsatz-Logo\" src=\"http:\/\/www.feuerwehrkostheim.de\/wp-content\/bilder\/sonstige\/logo_einsatz.jpg\" alt=\"Einsatz-Logo\" width=\"100\" height=\"100\" \/><strong>11. Februar 2017 &#8211; 11:31 Uhr<\/strong><br \/>\n<strong>Feuerwache 2<\/strong><br \/>\nFF-Einheit \/ Alarmgruppe mit FF-Kastel<br \/>\nEinsatz 09 &#8211; 2017<\/p>\n<p>Am sp\u00e4ten Samstagvormittag wurde die Kostheimer Feuerwehr als Bestandteil der Alarmgruppe der Wehren Kostheim\/Kastel zur Wachbesetzung der Feuerwache 2 alarmiert. Da die Einheiten der Berufsfeuerwehr bei zwei sich fast parallel ereigneten gr\u00f6\u00dferen Unf\u00e4llen eingebunden war, waren die jeweiligen Feuerwachen weitestgehend verwaist. Neben der Wache im S\u00fcden, wurden auch die Feuerwachen in der Stadtmitte sowie in Bierstadt mit Freiwilligen Wehren besetzt.<br \/>\nNachdem die Eins\u00e4tze f\u00fcr die Feuerwehren, eine Massenkarambolage auf der BAB 3 in H\u00f6he Breckenheim sowie ein schwerer Unfall in der Platter Stra\u00dfe, wo ein PKW mit einem Linienbus kollidierte, abgeschlossen werden konnten, r\u00fcckten die Einheiten nach und nach wieder ein.<br \/>\nKurz nach 13 Uhr wurde die Wachbesetzung auf der Feuerwache 2 aufgehoben und die Feuerwehr Kostheim konnte mit ihren zwei L\u00f6schfahrzeugen wieder ihren eigentlichen Standort anfahren.<\/p>\n","protected":false},"excerpt":{"rendered":"<p>11. Februar 2017 &#8211; 11:31 Uhr Feuerwache 2 FF-Einheit \/ Alarmgruppe mit FF-Kastel Einsatz 09 &#8211; 2017 Am sp\u00e4ten Samstagvormittag wurde die Kostheimer Feuerwehr als Bestandteil der Alarmgruppe der Wehren Kostheim\/Kastel zur Wachbesetzung der Feuerwache 2 alarmiert. Da die Einheiten der Berufsfeuerwehr bei zwei sich fast parallel ereigneten gr\u00f6\u00dferen Unf\u00e4llen eingebunden war, waren die jeweiligen [&hellip;]<\/p>\n","protected":false},"author":1,"featured_media":0,"comment_status":"closed","ping_status":"open","sticky":false,"template":"","format":"standard","meta":{"_et_pb_use_builder":"","_et_pb_old_content":"","_et_gb_content_width":"","_crdt_document":"","footnotes":""},"categories":[5],"tags":[110,242,243],"class_list":["post-3378","post","type-post","status-publish","format-standard","hentry","category-einsatze","tag-alarmgruppe","tag-feuerwache-2","tag-wachbesetzung"],"_links":{"self":[{"href":"https:\/\/www.feuerwehrkostheim.de\/index.php?rest_route=\/wp\/v2\/posts\/3378","targetHints":{"allow":["GET"]}}],"collection":[{"href":"https:\/\/www.feuerwehrkostheim.de\/index.php?rest_route=\/wp\/v2\/posts"}],"about":[{"href":"https:\/\/www.feuerwehrkostheim.de\/index.php?rest_route=\/wp\/v2\/types\/post"}],"author":[{"embeddable":true,"href":"https:\/\/www.feuerwehrkostheim.de\/index.php?rest_route=\/wp\/v2\/users\/1"}],"replies":[{"embeddable":true,"href":"https:\/\/www.feuerwehrkostheim.de\/index.php?rest_route=%2Fwp%2Fv2%2Fcomments&post=3378"}],"version-history":[{"count":0,"href":"https:\/\/www.feuerwehrkostheim.de\/index.php?rest_route=\/wp\/v2\/posts\/3378\/revisions"}],"wp:attachment":[{"href":"https:\/\/www.feuerwehrkostheim.de\/index.php?rest_route=%2Fwp%2Fv2%2Fmedia&parent=3378"}],"wp:term":[{"taxonomy":"category","embeddable":true,"href":"https:\/\/www.feuerwehrkostheim.de\/index.php?rest_route=%2Fwp%2Fv2%2Fcategories&post=3378"},{"taxonomy":"post_tag","embeddable":true,"href":"https:\/\/www.feuerwehrkostheim.de\/index.php?rest_route=%2Fwp%2Fv2%2Ftags&post=3378"}],"curies":[{"name":"wp","href":"https:\/\/api.w.org\/{rel}","templated":true}]}}