{"id":3365,"date":"2017-02-02T20:46:31","date_gmt":"2017-02-02T18:46:31","guid":{"rendered":"http:\/\/www.feuerwehrkostheim.de\/?p=3365"},"modified":"2018-06-02T14:04:10","modified_gmt":"2018-06-02T13:04:10","slug":"rauchsaeule-ueber-den-feldern-sorgt-fuer-feuerwehreinsatz","status":"publish","type":"post","link":"https:\/\/www.feuerwehrkostheim.de\/?p=3365","title":{"rendered":"Rauchs\u00e4ule \u00fcber den Feldern sorgt f\u00fcr Feuerwehreinsatz"},"content":{"rendered":"<p><img loading=\"lazy\" decoding=\"async\" class=\"alignleft\" title=\"Einsatz-Logo\" src=\"http:\/\/www.feuerwehrkostheim.de\/wp-content\/bilder\/sonstige\/logo_einsatz.jpg\" alt=\"Einsatz-Logo\" width=\"100\" height=\"100\" \/><strong>02. Februar 2017 &#8211; 08:34 Uhr<\/strong><br \/>\n<strong>Verl\u00e4ngerung Steinern Stra\u00dfe<\/strong><br \/>\nFF-Einheit \/ Alarmgruppe mit FF-Kastel<br \/>\nEinsatz 07 &#8211; 2017<\/p>\n<p>Eine weithin sichtbare Rauchentwicklung im Bereich der Feldgemarkung der verl\u00e4ngerten Steinern Stra\u00dfe, sorgte am Donnerstagmorgen f\u00fcr einen Einsatz der Feuerwehren. Da aufgrund der eingegangenen Notrufe von einem m\u00f6glichen Brand einer Gartenh\u00fctte au\u00dferhalb der L\u00f6schwasserversorgung ausgegangen werden musste, alarmierte der Einsatzbearbeiter neben den Wehren Kostheim und Kastel, dem L\u00f6schfahrzeug der Berufsfeuerwehr auch das Gro\u00dftankl\u00f6schfahrzeug von der Feuerwache 2. Schon von der Anfahrt aus, war eine deutliche Rauchs\u00e4ule sichtbar gewesen. Nach Eintreffen der ersten Kr\u00e4fte, konnte jedoch rasch Entwarnung gegeben werden. Die Ursache der massiven Rauchentwicklung lag bei einem nach Aussage der Aufsichtspersonen angemeldeten Nutzfeuer. Parallel zum Abl\u00f6schen des Feuers durch die Kameraden der Berufsfeuerwehr wurde zur abschlie\u00dfenden Kl\u00e4rung zus\u00e4tzlich die Polizei angefordert. Eine Verst\u00e4rkung durch die freiwilligen Kr\u00e4fte war nicht mehr n\u00f6tig.<br \/>\nEine genaue Aufstellung, wie im Stadtgebiet Wiesbadens mit dem Verbrennen von Gr\u00fcnabf\u00e4llen umzugehen ist, kann direkt unter <a href=\"https:\/\/www.wiesbaden.de\/leben-in-wiesbaden\/umwelt\/boden-altlasten\/kompostierung.php\" target=\"_blank\">Wiesbaden.de<\/a> eingesehen werden. Neben den Rahmenbedingungen f\u00fcr eine beaufsichtigte Verbrennung sind auch hier die F\u00e4lle genannt, in denen eine Anzeigepflicht besteht.<\/p>\n","protected":false},"excerpt":{"rendered":"<p>02. Februar 2017 &#8211; 08:34 Uhr Verl\u00e4ngerung Steinern Stra\u00dfe FF-Einheit \/ Alarmgruppe mit FF-Kastel Einsatz 07 &#8211; 2017 Eine weithin sichtbare Rauchentwicklung im Bereich der Feldgemarkung der verl\u00e4ngerten Steinern Stra\u00dfe, sorgte am Donnerstagmorgen f\u00fcr einen Einsatz der Feuerwehren. Da aufgrund der eingegangenen Notrufe von einem m\u00f6glichen Brand einer Gartenh\u00fctte au\u00dferhalb der L\u00f6schwasserversorgung ausgegangen werden musste, [&hellip;]<\/p>\n","protected":false},"author":1,"featured_media":0,"comment_status":"closed","ping_status":"open","sticky":false,"template":"","format":"standard","meta":{"_et_pb_use_builder":"","_et_pb_old_content":"","_et_gb_content_width":"","_crdt_document":"","footnotes":""},"categories":[5],"tags":[110,30,31,461],"class_list":["post-3365","post","type-post","status-publish","format-standard","hentry","category-einsatze","tag-alarmgruppe","tag-feld","tag-feuer","tag-nutzfeuer"],"_links":{"self":[{"href":"https:\/\/www.feuerwehrkostheim.de\/index.php?rest_route=\/wp\/v2\/posts\/3365","targetHints":{"allow":["GET"]}}],"collection":[{"href":"https:\/\/www.feuerwehrkostheim.de\/index.php?rest_route=\/wp\/v2\/posts"}],"about":[{"href":"https:\/\/www.feuerwehrkostheim.de\/index.php?rest_route=\/wp\/v2\/types\/post"}],"author":[{"embeddable":true,"href":"https:\/\/www.feuerwehrkostheim.de\/index.php?rest_route=\/wp\/v2\/users\/1"}],"replies":[{"embeddable":true,"href":"https:\/\/www.feuerwehrkostheim.de\/index.php?rest_route=%2Fwp%2Fv2%2Fcomments&post=3365"}],"version-history":[{"count":0,"href":"https:\/\/www.feuerwehrkostheim.de\/index.php?rest_route=\/wp\/v2\/posts\/3365\/revisions"}],"wp:attachment":[{"href":"https:\/\/www.feuerwehrkostheim.de\/index.php?rest_route=%2Fwp%2Fv2%2Fmedia&parent=3365"}],"wp:term":[{"taxonomy":"category","embeddable":true,"href":"https:\/\/www.feuerwehrkostheim.de\/index.php?rest_route=%2Fwp%2Fv2%2Fcategories&post=3365"},{"taxonomy":"post_tag","embeddable":true,"href":"https:\/\/www.feuerwehrkostheim.de\/index.php?rest_route=%2Fwp%2Fv2%2Ftags&post=3365"}],"curies":[{"name":"wp","href":"https:\/\/api.w.org\/{rel}","templated":true}]}}