{"id":3346,"date":"2017-01-10T19:57:57","date_gmt":"2017-01-10T17:57:57","guid":{"rendered":"http:\/\/www.feuerwehrkostheim.de\/?p=3346"},"modified":"2018-06-02T14:04:10","modified_gmt":"2018-06-02T13:04:10","slug":"rauchentwicklung-im-kasteler-gewerbegebiet","status":"publish","type":"post","link":"https:\/\/www.feuerwehrkostheim.de\/?p=3346","title":{"rendered":"Rauchentwicklung im Kasteler Gewerbegebiet"},"content":{"rendered":"<p><img loading=\"lazy\" decoding=\"async\" class=\"alignleft\" title=\"Einsatz-Logo\" src=\"http:\/\/www.feuerwehrkostheim.de\/wp-content\/bilder\/sonstige\/logo_einsatz.jpg\" alt=\"Einsatz-Logo\" width=\"100\" height=\"100\" \/><strong>10. Janaur 2017 &#8211; 17:10 Uhr<\/strong><br \/>\n<strong>Gewerbegebiet Kastel<\/strong><br \/>\nFF-Einheit \/ Alarmgruppe mit FF-Kastel<br \/>\nEinsatz 02 &#8211; 2017<\/p>\n<p>Zu einem Brand im Bereich des Kasteler Gewerbegebietes alarmierte Leitstelle am fr\u00fchen Dienstagabend die Alarmgruppe der Wehren Kostheim \/Kastel sowie den L\u00f6schzug der Berufsfeuerwehr. Schon von der Anfahrt aus war eine Rauchs\u00e4ule sichtbar. Nachdem der L\u00f6schzug der Berufsfeuerwehr an der Einsatzstelle eintraf, konnte jedoch zeitnah Entwarnung gegeben werden. Bei dem Feuer handelte es sich lediglich um einen etwas gr\u00f6\u00dfer geratenen gewollten Abbrand. Die noch auf der Anfahrt befindlichen Kr\u00e4fte konnte die Einsatzfahrt abbrechen und wieder einr\u00fccken.<\/p>\n","protected":false},"excerpt":{"rendered":"<p>10. Janaur 2017 &#8211; 17:10 Uhr Gewerbegebiet Kastel FF-Einheit \/ Alarmgruppe mit FF-Kastel Einsatz 02 &#8211; 2017 Zu einem Brand im Bereich des Kasteler Gewerbegebietes alarmierte Leitstelle am fr\u00fchen Dienstagabend die Alarmgruppe der Wehren Kostheim \/Kastel sowie den L\u00f6schzug der Berufsfeuerwehr. Schon von der Anfahrt aus war eine Rauchs\u00e4ule sichtbar. Nachdem der L\u00f6schzug der Berufsfeuerwehr [&hellip;]<\/p>\n","protected":false},"author":1,"featured_media":0,"comment_status":"closed","ping_status":"open","sticky":false,"template":"","format":"standard","meta":{"_et_pb_use_builder":"","_et_pb_old_content":"","_et_gb_content_width":"","_crdt_document":"","footnotes":""},"categories":[5],"tags":[113,932,111],"class_list":["post-3346","post","type-post","status-publish","format-standard","hentry","category-einsatze","tag-fehlalarm","tag-gewollter-abbrand","tag-rauchentwicklung"],"_links":{"self":[{"href":"https:\/\/www.feuerwehrkostheim.de\/index.php?rest_route=\/wp\/v2\/posts\/3346","targetHints":{"allow":["GET"]}}],"collection":[{"href":"https:\/\/www.feuerwehrkostheim.de\/index.php?rest_route=\/wp\/v2\/posts"}],"about":[{"href":"https:\/\/www.feuerwehrkostheim.de\/index.php?rest_route=\/wp\/v2\/types\/post"}],"author":[{"embeddable":true,"href":"https:\/\/www.feuerwehrkostheim.de\/index.php?rest_route=\/wp\/v2\/users\/1"}],"replies":[{"embeddable":true,"href":"https:\/\/www.feuerwehrkostheim.de\/index.php?rest_route=%2Fwp%2Fv2%2Fcomments&post=3346"}],"version-history":[{"count":0,"href":"https:\/\/www.feuerwehrkostheim.de\/index.php?rest_route=\/wp\/v2\/posts\/3346\/revisions"}],"wp:attachment":[{"href":"https:\/\/www.feuerwehrkostheim.de\/index.php?rest_route=%2Fwp%2Fv2%2Fmedia&parent=3346"}],"wp:term":[{"taxonomy":"category","embeddable":true,"href":"https:\/\/www.feuerwehrkostheim.de\/index.php?rest_route=%2Fwp%2Fv2%2Fcategories&post=3346"},{"taxonomy":"post_tag","embeddable":true,"href":"https:\/\/www.feuerwehrkostheim.de\/index.php?rest_route=%2Fwp%2Fv2%2Ftags&post=3346"}],"curies":[{"name":"wp","href":"https:\/\/api.w.org\/{rel}","templated":true}]}}