{"id":3341,"date":"2017-01-09T18:07:18","date_gmt":"2017-01-09T16:07:18","guid":{"rendered":"http:\/\/www.feuerwehrkostheim.de\/?p=3341"},"modified":"2018-06-02T14:04:10","modified_gmt":"2018-06-02T13:04:10","slug":"alle-jahre-wieder","status":"publish","type":"post","link":"https:\/\/www.feuerwehrkostheim.de\/?p=3341","title":{"rendered":"Alle Jahre wieder\u2026.."},"content":{"rendered":"<p>\u2026 sammelt die Jugendfeuerwehr Kostheim zum Jahresanfang die ausgedienten Weihnachtsb\u00e4ume im Ortskern ein. Auch am vergangenen Samstag war dies wieder der Fall. P\u00fcnktlich um 9 Uhr ging es mit zwei Traktoren samt Anh\u00e4nger durch die Stra\u00dfen Kostheims. 14 Jugendliche \u2013 darunter drei M\u00e4dchen \u2013 machten sich mit ihren Betreuern und zus\u00e4tzlichen Helfern von einer Ecke zur N\u00e4chsten, um die gro\u00dfen und kleinen, teils sehr ausgetrockneten, Weihnachtsb\u00e4ume auf dem H\u00e4nger zu verladen. Trotz der gro\u00df angek\u00fcndigten und mittlerweile auch traditionellen Sammelaktion hielt sich das Einsammelnjedoch eher in Grenzen.Den Jungs und M\u00e4dels hat diese Aktion trotz allem wieder sehr viel Spa\u00df gemacht.<\/p>\n<p><a href=\"http:\/\/www.feuerwehrkostheim.de\/wp-content\/uploads\/2017\/01\/20170107_1218352.jpg\" target=\"_blank\"><img loading=\"lazy\" decoding=\"async\" class=\"aligncenter wp-image-3342\" src=\"http:\/\/www.feuerwehrkostheim.de\/wp-content\/uploads\/2017\/01\/20170107_1218352-1024x449.jpg\" width=\"599\" height=\"263\" srcset=\"https:\/\/www.feuerwehrkostheim.de\/wp-content\/uploads\/2017\/01\/20170107_1218352-1024x449.jpg 1024w, https:\/\/www.feuerwehrkostheim.de\/wp-content\/uploads\/2017\/01\/20170107_1218352-300x131.jpg 300w, https:\/\/www.feuerwehrkostheim.de\/wp-content\/uploads\/2017\/01\/20170107_1218352-768x336.jpg 768w, https:\/\/www.feuerwehrkostheim.de\/wp-content\/uploads\/2017\/01\/20170107_1218352.jpg 1744w\" sizes=\"(max-width: 599px) 100vw, 599px\" \/><\/a>Auf diesem Weg m\u00f6chte sich die Jugendfeuerwehr Kostheim auch sehr herzlich bei den Kostheimer B\u00fcrgerinnen und B\u00fcrgern f\u00fcr die gespendeten Gelder bedanken. Diese werden selbstverst\u00e4ndlich in die wichtige Jugendarbeit und die Ausbildung des Feuerwehrnachwuchses investiert. Ein weiterer Dank geht an die Firma &#8220;Die Rasenpartner&#8221; f\u00fcr das zur Verf\u00fcgung stellen der Traktoren.<\/p>\n<p>Leider wurden auch in diesem Jahr wieder B\u00e4ume nach der f\u00fcr die Abholung angek\u00fcndigten Uhrzeit herausgestellt. Diese k\u00f6nnen im Nachhinein nicht mehr durch die Jugendfeuerwehr abgeholt werden und m\u00fcssen von deren Besitzer \u00fcber die Biotonnen entsorgt werden.<\/p>\n","protected":false},"excerpt":{"rendered":"<p>\u2026 sammelt die Jugendfeuerwehr Kostheim zum Jahresanfang die ausgedienten Weihnachtsb\u00e4ume im Ortskern ein. Auch am vergangenen Samstag war dies wieder der Fall. P\u00fcnktlich um 9 Uhr ging es mit zwei Traktoren samt Anh\u00e4nger durch die Stra\u00dfen Kostheims. 14 Jugendliche \u2013 darunter drei M\u00e4dchen \u2013 machten sich mit ihren Betreuern und zus\u00e4tzlichen Helfern von einer Ecke [&hellip;]<\/p>\n","protected":false},"author":1,"featured_media":0,"comment_status":"closed","ping_status":"open","sticky":false,"template":"","format":"standard","meta":{"_et_pb_use_builder":"","_et_pb_old_content":"","_et_gb_content_width":"","_crdt_document":"","footnotes":""},"categories":[7],"tags":[420,855,54,52],"class_list":["post-3341","post","type-post","status-publish","format-standard","hentry","category-jugendfeuerwehr","tag-baum","tag-elw","tag-tannenbaum","tag-weihnachtsbaumsammlung"],"_links":{"self":[{"href":"https:\/\/www.feuerwehrkostheim.de\/index.php?rest_route=\/wp\/v2\/posts\/3341","targetHints":{"allow":["GET"]}}],"collection":[{"href":"https:\/\/www.feuerwehrkostheim.de\/index.php?rest_route=\/wp\/v2\/posts"}],"about":[{"href":"https:\/\/www.feuerwehrkostheim.de\/index.php?rest_route=\/wp\/v2\/types\/post"}],"author":[{"embeddable":true,"href":"https:\/\/www.feuerwehrkostheim.de\/index.php?rest_route=\/wp\/v2\/users\/1"}],"replies":[{"embeddable":true,"href":"https:\/\/www.feuerwehrkostheim.de\/index.php?rest_route=%2Fwp%2Fv2%2Fcomments&post=3341"}],"version-history":[{"count":0,"href":"https:\/\/www.feuerwehrkostheim.de\/index.php?rest_route=\/wp\/v2\/posts\/3341\/revisions"}],"wp:attachment":[{"href":"https:\/\/www.feuerwehrkostheim.de\/index.php?rest_route=%2Fwp%2Fv2%2Fmedia&parent=3341"}],"wp:term":[{"taxonomy":"category","embeddable":true,"href":"https:\/\/www.feuerwehrkostheim.de\/index.php?rest_route=%2Fwp%2Fv2%2Fcategories&post=3341"},{"taxonomy":"post_tag","embeddable":true,"href":"https:\/\/www.feuerwehrkostheim.de\/index.php?rest_route=%2Fwp%2Fv2%2Ftags&post=3341"}],"curies":[{"name":"wp","href":"https:\/\/api.w.org\/{rel}","templated":true}]}}