{"id":3333,"date":"2017-01-01T15:35:03","date_gmt":"2017-01-01T13:35:03","guid":{"rendered":"http:\/\/www.feuerwehrkostheim.de\/?p=3333"},"modified":"2018-06-02T14:04:10","modified_gmt":"2018-06-02T13:04:10","slug":"pkw-prallt-gegen-baum-und-faengt-feuer","status":"publish","type":"post","link":"https:\/\/www.feuerwehrkostheim.de\/?p=3333","title":{"rendered":"PKW prallt gegen Baum und f\u00e4ngt Feuer"},"content":{"rendered":"<p><img loading=\"lazy\" decoding=\"async\" class=\"alignleft\" title=\"Einsatz-Logo\" src=\"http:\/\/www.feuerwehrkostheim.de\/wp-content\/bilder\/sonstige\/logo_einsatz.jpg\" alt=\"Einsatz-Logo\" width=\"100\" height=\"100\" \/><strong>01. Januar 2017 &#8211; 10:01 Uhr<\/strong><br \/>\n<strong>Hochheimer Stra\u00dfe<\/strong><br \/>\nEinzelfahrzeugalarmierung<br \/>\nEinsatz 01 &#8211; 2017<\/p>\n<p><a href=\"https:\/\/www.flickr.com\/photos\/ffkostheim\/sets\/72157678580206375\" target=\"_blank\"><img loading=\"lazy\" decoding=\"async\" class=\"alignright\" src=\"https:\/\/c2.staticflickr.com\/1\/512\/31215378593_7f6e18f508_n.jpg\" alt=\"Verkehrsunfall am Neujahrsmorgen - 01.01.17\" width=\"320\" height=\"180\" \/><\/a> Obwohl die Neujahrsnacht gl\u00fccklicher Weise ohne einen Einsatz f\u00fcr die Kostheimer Wehr vor\u00fcber ging, dauerte es dennoch gerade mal 10 Stunden im neuen Jahr, bis zum ersten Mal die Melder ausgel\u00f6st werden mussten. Grund f\u00fcr die Alarmierung war ein gemeldeter Verkehrsunfall auf der Hochheimer Stra\u00dfe, in dessen Folge laut der Notrufe das Fahrzeug nun in Brand geraten war.<\/p>\n<p><!--more--><\/p>\n<p><a href=\"https:\/\/www.flickr.com\/photos\/ffkostheim\/sets\/72157678580206375\" target=\"_blank\"><img loading=\"lazy\" decoding=\"async\" class=\"alignleft\" src=\"https:\/\/c4.staticflickr.com\/1\/460\/31215378243_7dcfe48bea_n.jpg\" alt=\"Verkehrsunfall am Neujahrsmorgen - 01.01.17\" width=\"180\" height=\"320\" \/><\/a> Zusammen mit der Berufsfeuerwehr steuerte man die Einsatzstelle in H\u00f6he eines Einkaufsmarktes an. Beim Eintreffen der ersten Kr\u00e4fte fanden sie neben einem umgest\u00fcrzten Baum der Mittelinsel auch einen quer zur Fahrbahn zum Stehen kommenden PKW vor, aus dessen Motorraum schon die Flammen schlugen. Der Fahrer befand sich zu diesem Zeitpunkt schon im Rettungswagen des ebenfalls hinzualarmierten Rettungsdienstes. Durch die hauptamtlichen Kameraden von der Feuerwache 2 wurde das Feuer schnell gel\u00f6scht und die ausgetretenen Betriebsstoffe mit Bindemittel abgestreut.<\/p>\n<p>Der Fahrer des Fahrzeuges ist beim Befahren der Hochheimer Stra\u00dfe in Richtung Hochheim auf den Mittelstreifen gefahren und dort direkt gegen einen Baum geprallt. Zum Zeitpunkt des Unfalls, bei dem es sich um einen Alleinunfall handelte, waren die Stra\u00dfen bei winterlichen Verh\u00e4ltnissen zum Teil sehr glatt.<\/p>\n<p><a href=\"https:\/\/www.flickr.com\/photos\/ffkostheim\/sets\/72157678580206375\" target=\"_blank\"><img loading=\"lazy\" decoding=\"async\" class=\"alignright\" src=\"https:\/\/c4.staticflickr.com\/1\/318\/32025056115_7518a44338_n.jpg\" alt=\"Verkehrsunfall am Neujahrsmorgen - 01.01.17\" width=\"320\" height=\"180\" \/><\/a> Die Polizei hat mit den Ermittlungen zum Unfallhergang begonnen. Der zum Gl\u00fcck nur leicht verletzte Fahrer wurde vom Rettungsdienst in ein Krankenhaus transportiert. Bis zum Abschluss der Unfallaufnahme war die Hochheimer Stra\u00dfe in dem Einsatzbereich voll gesperrt gewesen.<\/p>\n<p>&nbsp;<\/p>\n","protected":false},"excerpt":{"rendered":"<p>01. Januar 2017 &#8211; 10:01 Uhr Hochheimer Stra\u00dfe Einzelfahrzeugalarmierung Einsatz 01 &#8211; 2017 Obwohl die Neujahrsnacht gl\u00fccklicher Weise ohne einen Einsatz f\u00fcr die Kostheimer Wehr vor\u00fcber ging, dauerte es dennoch gerade mal 10 Stunden im neuen Jahr, bis zum ersten Mal die Melder ausgel\u00f6st werden mussten. Grund f\u00fcr die Alarmierung war ein gemeldeter Verkehrsunfall auf [&hellip;]<\/p>\n","protected":false},"author":1,"featured_media":0,"comment_status":"closed","ping_status":"open","sticky":false,"template":"","format":"standard","meta":{"_et_pb_use_builder":"","_et_pb_old_content":"","_et_gb_content_width":"","_crdt_document":"","footnotes":""},"categories":[5],"tags":[420,50,163,76,71],"class_list":["post-3333","post","type-post","status-publish","format-standard","hentry","category-einsatze","tag-baum","tag-brand","tag-pkw-brand","tag-unfall","tag-verkehrsunfall"],"_links":{"self":[{"href":"https:\/\/www.feuerwehrkostheim.de\/index.php?rest_route=\/wp\/v2\/posts\/3333","targetHints":{"allow":["GET"]}}],"collection":[{"href":"https:\/\/www.feuerwehrkostheim.de\/index.php?rest_route=\/wp\/v2\/posts"}],"about":[{"href":"https:\/\/www.feuerwehrkostheim.de\/index.php?rest_route=\/wp\/v2\/types\/post"}],"author":[{"embeddable":true,"href":"https:\/\/www.feuerwehrkostheim.de\/index.php?rest_route=\/wp\/v2\/users\/1"}],"replies":[{"embeddable":true,"href":"https:\/\/www.feuerwehrkostheim.de\/index.php?rest_route=%2Fwp%2Fv2%2Fcomments&post=3333"}],"version-history":[{"count":0,"href":"https:\/\/www.feuerwehrkostheim.de\/index.php?rest_route=\/wp\/v2\/posts\/3333\/revisions"}],"wp:attachment":[{"href":"https:\/\/www.feuerwehrkostheim.de\/index.php?rest_route=%2Fwp%2Fv2%2Fmedia&parent=3333"}],"wp:term":[{"taxonomy":"category","embeddable":true,"href":"https:\/\/www.feuerwehrkostheim.de\/index.php?rest_route=%2Fwp%2Fv2%2Fcategories&post=3333"},{"taxonomy":"post_tag","embeddable":true,"href":"https:\/\/www.feuerwehrkostheim.de\/index.php?rest_route=%2Fwp%2Fv2%2Ftags&post=3333"}],"curies":[{"name":"wp","href":"https:\/\/api.w.org\/{rel}","templated":true}]}}