{"id":3274,"date":"2016-11-15T18:26:48","date_gmt":"2016-11-15T16:26:48","guid":{"rendered":"http:\/\/www.feuerwehrkostheim.de\/?p=3274"},"modified":"2018-06-02T14:04:37","modified_gmt":"2018-06-02T13:04:37","slug":"alle-jahre-wieder-martinsumzuuege-und-martinsfeuer","status":"publish","type":"post","link":"https:\/\/www.feuerwehrkostheim.de\/?p=3274","title":{"rendered":"Alle Jahre wieder &#8230; Martinsumz\u00fcge und Martinsfeuer"},"content":{"rendered":"<p><a href=\"http:\/\/www.feuerwehrkostheim.de\/wp-content\/uploads\/2016\/11\/Bild-Umzug.jpg\" target=\"_blank\"><img loading=\"lazy\" decoding=\"async\" class=\"size-medium wp-image-3273 alignright\" src=\"http:\/\/www.feuerwehrkostheim.de\/wp-content\/uploads\/2016\/11\/Bild-Umzug-300x225.jpg\" alt=\"bild-umzug\" width=\"300\" height=\"225\" srcset=\"https:\/\/www.feuerwehrkostheim.de\/wp-content\/uploads\/2016\/11\/Bild-Umzug-300x225.jpg 300w, https:\/\/www.feuerwehrkostheim.de\/wp-content\/uploads\/2016\/11\/Bild-Umzug-768x576.jpg 768w, https:\/\/www.feuerwehrkostheim.de\/wp-content\/uploads\/2016\/11\/Bild-Umzug-1024x768.jpg 1024w, https:\/\/www.feuerwehrkostheim.de\/wp-content\/uploads\/2016\/11\/Bild-Umzug.jpg 1411w\" sizes=\"(max-width: 300px) 100vw, 300px\" \/><\/a>Auch in diesem Jahr stand die Kostheimer Feuerwehr den \u00f6rtlichen Kinderg\u00e4rten wieder zu deren traditionellen Martinsumz\u00fcgen zur Verf\u00fcgung. Verteilt \u00fcber insgesamt vier Tage waren Kameraden von Einsatzabteilung und Jugendfeuerwehr zur Absicherung der Laternenumz\u00fcge sowie der Martinsfeuer in den unterschiedlichen Einrichtungen anwesend. Dabei war das Wetter nicht immer auf der Seite der Organisatoren. Eine Veranstaltung fiel regelrecht ins Wasser, da Dauerregen den geplanten Ablauf regelrecht aufweichte.<\/p>\n<p>Bis auf das Abl\u00f6schen des Martinsfeuers am Ende der Veranstaltung musste seitens der Feuerwehr nicht t\u00e4tig eingegriffen werden. Da die mit brennenden Kerzen ausgestatteten Laternen mittlerweile durch die mit elektrisch betriebenen Leuchtmitteln abgel\u00f6st wurden, ist es schon lange her, dass eine Laterne Feuer fing und gel\u00f6scht werden musste. Im Schnitt standen bei jeder Martinsfeier etwa 15 Kameraden beider Abteilungen zur Sicherheit im Umgang mit dem Feuer zur Verf\u00fcgung.<\/p>\n","protected":false},"excerpt":{"rendered":"<p>Auch in diesem Jahr stand die Kostheimer Feuerwehr den \u00f6rtlichen Kinderg\u00e4rten wieder zu deren traditionellen Martinsumz\u00fcgen zur Verf\u00fcgung. Verteilt \u00fcber insgesamt vier Tage waren Kameraden von Einsatzabteilung und Jugendfeuerwehr zur Absicherung der Laternenumz\u00fcge sowie der Martinsfeuer in den unterschiedlichen Einrichtungen anwesend. Dabei war das Wetter nicht immer auf der Seite der Organisatoren. Eine Veranstaltung fiel [&hellip;]<\/p>\n","protected":false},"author":1,"featured_media":0,"comment_status":"closed","ping_status":"open","sticky":false,"template":"","format":"standard","meta":{"_et_pb_use_builder":"","_et_pb_old_content":"","_et_gb_content_width":"","_crdt_document":"","footnotes":""},"categories":[4,7],"tags":[69,176,175,173],"class_list":["post-3274","post","type-post","status-publish","format-standard","hentry","category-einsatzabteilung","category-jugendfeuerwehr","tag-absicherung","tag-kindergarten","tag-martinsfeuer","tag-martinsumzug"],"_links":{"self":[{"href":"https:\/\/www.feuerwehrkostheim.de\/index.php?rest_route=\/wp\/v2\/posts\/3274","targetHints":{"allow":["GET"]}}],"collection":[{"href":"https:\/\/www.feuerwehrkostheim.de\/index.php?rest_route=\/wp\/v2\/posts"}],"about":[{"href":"https:\/\/www.feuerwehrkostheim.de\/index.php?rest_route=\/wp\/v2\/types\/post"}],"author":[{"embeddable":true,"href":"https:\/\/www.feuerwehrkostheim.de\/index.php?rest_route=\/wp\/v2\/users\/1"}],"replies":[{"embeddable":true,"href":"https:\/\/www.feuerwehrkostheim.de\/index.php?rest_route=%2Fwp%2Fv2%2Fcomments&post=3274"}],"version-history":[{"count":0,"href":"https:\/\/www.feuerwehrkostheim.de\/index.php?rest_route=\/wp\/v2\/posts\/3274\/revisions"}],"wp:attachment":[{"href":"https:\/\/www.feuerwehrkostheim.de\/index.php?rest_route=%2Fwp%2Fv2%2Fmedia&parent=3274"}],"wp:term":[{"taxonomy":"category","embeddable":true,"href":"https:\/\/www.feuerwehrkostheim.de\/index.php?rest_route=%2Fwp%2Fv2%2Fcategories&post=3274"},{"taxonomy":"post_tag","embeddable":true,"href":"https:\/\/www.feuerwehrkostheim.de\/index.php?rest_route=%2Fwp%2Fv2%2Ftags&post=3274"}],"curies":[{"name":"wp","href":"https:\/\/api.w.org\/{rel}","templated":true}]}}