{"id":3127,"date":"2016-09-02T19:51:42","date_gmt":"2016-09-02T17:51:42","guid":{"rendered":"http:\/\/www.feuerwehrkostheim.de\/?p=3127"},"modified":"2018-06-02T14:04:39","modified_gmt":"2018-06-02T13:04:39","slug":"hinweis-hochwasserschutzuebung-am-10-09-16-behinderungen-moeglich","status":"publish","type":"post","link":"https:\/\/www.feuerwehrkostheim.de\/?p=3127","title":{"rendered":"[Hinweis]: Hochwasserschutz\u00fcbung am 10.09.16 &#8211; Behinderungen m\u00f6glich"},"content":{"rendered":"<p><a href=\"http:\/\/www.feuerwehrkostheim.de\/wp-content\/uploads\/2016\/09\/DSC_3617.jpg\"><img loading=\"lazy\" decoding=\"async\" class=\"alignright size-medium wp-image-3126\" src=\"http:\/\/www.feuerwehrkostheim.de\/wp-content\/uploads\/2016\/09\/DSC_3617-300x199.jpg\" alt=\"Hochwasser\" width=\"300\" height=\"199\" srcset=\"https:\/\/www.feuerwehrkostheim.de\/wp-content\/uploads\/2016\/09\/DSC_3617-300x199.jpg 300w, https:\/\/www.feuerwehrkostheim.de\/wp-content\/uploads\/2016\/09\/DSC_3617-768x511.jpg 768w, https:\/\/www.feuerwehrkostheim.de\/wp-content\/uploads\/2016\/09\/DSC_3617-1024x681.jpg 1024w\" sizes=\"(max-width: 300px) 100vw, 300px\" \/><\/a>Die Kostheimer Feuerwehr m\u00f6chte die B\u00fcrger vorab dar\u00fcber informieren, dass am <strong>Samstag den 10.09.2016<\/strong> eine gr\u00f6\u00dfer angelegte \u00dcbung mit dem Schwerpunkt Hochwasserschutz stattfindet. Im Zuge der \u00dcbungseinheit kann es im Bereich des <strong>Mainufers zwischen SCA-Hafen und Mainbr\u00fccke sowie der Deichanlagen zwischen SCA-Werk und Reiterhof<\/strong> zu Behinderungen kommen. Da weiterhin die mobilen <strong>Spundw\u00e4nde am \u201eAlten Kirchgarten\u201c sowie der \u201eRosengasse\u201c<\/strong> errichtet werden, muss in der Zeit <strong>zwischen 10 Uhr und 16 Uhr<\/strong> mit Umwegen gerechnet werden. Anlieger des Mainufers werden gebeten, die Anfahrtsm\u00f6glichkeit \u00fcber die <strong>Zufahrt am Hotel \u201eZum Engel\u201c<\/strong> zu nutzen.<\/p>\n<p>Insgesamt nehmen an der \u00dcbung etwa 60 Feuerwehrkr\u00e4fte teil. Neben der Kostheimer Wehr, ist auch der Katastrophenschutzzug der Stadt Idstein im Einsatz. Auch eine Abordnung des Kreisverbindungskommandos der Bundeswehr wird als Teilnehmer vor Ort sein.<\/p>\n<p><em>Wir bitten die Bev\u00f6lkerung schon heute um Verst\u00e4ndnis, dass eine solche \u00dcbungseinheit zum Schutz der Anlieger bei den bestimmt in Zukunft anstehenden Hochwassersituationen unabdingbar ist.<\/em><\/p>\n<p>Vielen Dank,<br \/>\nIhre Feuerwehr KOSTHEIM<\/p>\n","protected":false},"excerpt":{"rendered":"<p>Die Kostheimer Feuerwehr m\u00f6chte die B\u00fcrger vorab dar\u00fcber informieren, dass am Samstag den 10.09.2016 eine gr\u00f6\u00dfer angelegte \u00dcbung mit dem Schwerpunkt Hochwasserschutz stattfindet. Im Zuge der \u00dcbungseinheit kann es im Bereich des Mainufers zwischen SCA-Hafen und Mainbr\u00fccke sowie der Deichanlagen zwischen SCA-Werk und Reiterhof zu Behinderungen kommen. Da weiterhin die mobilen Spundw\u00e4nde am \u201eAlten Kirchgarten\u201c [&hellip;]<\/p>\n","protected":false},"author":1,"featured_media":0,"comment_status":"closed","ping_status":"open","sticky":false,"template":"","format":"standard","meta":{"_et_pb_use_builder":"","_et_pb_old_content":"","_et_gb_content_width":"","_crdt_document":"","footnotes":""},"categories":[4],"tags":[103,391,392,394,143,904,105],"class_list":["post-3127","post","type-post","status-publish","format-standard","hentry","category-einsatzabteilung","tag-boot","tag-damm","tag-deich","tag-hochwasser","tag-main","tag-schutz","tag-ubung"],"_links":{"self":[{"href":"https:\/\/www.feuerwehrkostheim.de\/index.php?rest_route=\/wp\/v2\/posts\/3127","targetHints":{"allow":["GET"]}}],"collection":[{"href":"https:\/\/www.feuerwehrkostheim.de\/index.php?rest_route=\/wp\/v2\/posts"}],"about":[{"href":"https:\/\/www.feuerwehrkostheim.de\/index.php?rest_route=\/wp\/v2\/types\/post"}],"author":[{"embeddable":true,"href":"https:\/\/www.feuerwehrkostheim.de\/index.php?rest_route=\/wp\/v2\/users\/1"}],"replies":[{"embeddable":true,"href":"https:\/\/www.feuerwehrkostheim.de\/index.php?rest_route=%2Fwp%2Fv2%2Fcomments&post=3127"}],"version-history":[{"count":0,"href":"https:\/\/www.feuerwehrkostheim.de\/index.php?rest_route=\/wp\/v2\/posts\/3127\/revisions"}],"wp:attachment":[{"href":"https:\/\/www.feuerwehrkostheim.de\/index.php?rest_route=%2Fwp%2Fv2%2Fmedia&parent=3127"}],"wp:term":[{"taxonomy":"category","embeddable":true,"href":"https:\/\/www.feuerwehrkostheim.de\/index.php?rest_route=%2Fwp%2Fv2%2Fcategories&post=3127"},{"taxonomy":"post_tag","embeddable":true,"href":"https:\/\/www.feuerwehrkostheim.de\/index.php?rest_route=%2Fwp%2Fv2%2Ftags&post=3127"}],"curies":[{"name":"wp","href":"https:\/\/api.w.org\/{rel}","templated":true}]}}