{"id":3119,"date":"2016-08-31T12:43:14","date_gmt":"2016-08-31T10:43:14","guid":{"rendered":"http:\/\/www.feuerwehrkostheim.de\/?p=3119"},"modified":"2018-06-02T14:04:39","modified_gmt":"2018-06-02T13:04:39","slug":"rettung-aus-dem-rhein-in-vermeintlich-letzter-sekunde","status":"publish","type":"post","link":"https:\/\/www.feuerwehrkostheim.de\/?p=3119","title":{"rendered":"Rettung aus dem Rhein in vermeintlich letzter Sekunde"},"content":{"rendered":"<p><img loading=\"lazy\" decoding=\"async\" class=\"alignleft\" title=\"Einsatz-Logo\" src=\"http:\/\/www.feuerwehrkostheim.de\/wp-content\/bilder\/sonstige\/logo_einsatz.jpg\" alt=\"Einsatz-Logo\" width=\"100\" height=\"100\" \/><strong>31. August 2016 &#8211; 01:19 Uhr<\/strong><br \/>\n<strong>Rhein &#8211; Kaiserbr\u00fccke<\/strong><br \/>\nEinzelfahrzeugalarmierung<br \/>\nEinsatz 68 &#8211; 2016<\/p>\n<p>In der Nacht auf Mittwoch gegen 1:15 Uhr meldeten Augenzeugen eine im Rhein treibende Person, woraufhin in beiden Landeshauptst\u00e4dten Einsatzkr\u00e4fte nach dem \u201eWasserrettungskonzept\u201c alarmiert wurden. Der anf\u00e4ngliche Einsatzbereich unterhalb der Theodor-Heuss-Br\u00fccke verlagerte sich aufgrund der aktuell herrschenden Flie\u00dfgeschwindigkeiten kurze Zeit sp\u00e4ter auf den Bereich der Kaiserbr\u00fccke. Kurze Zeit sp\u00e4ter, nur wenige Meter vom Ufer entfernt, fanden die Suchenden Einheiten einen leblosen, im Wasser treibenden K\u00f6rper. Durch die unmittelbare N\u00e4he zum ebenfalls eingesetzten Rettungsboot aus Kostheim, unterst\u00fctzen zwei Kostheimer Kameraden einen Taucher der Berufsfeuerwehr Mainz bei der Rettung, indem sie die Person im Uferbereich mittels eines Spineboards sicherten und die B\u00f6schung nach oben trugen. Bei der \u00dcbergabe an die Rettungswagenbesatzung kam die verungl\u00fcckte Person langsam wieder zu Bewusstsein.<br \/>\nAus welchen Gr\u00fcnden die Person im Rhein trieb, konnte zum Einsatzzeitpunkt nicht bestimmt werden.<\/p>\n","protected":false},"excerpt":{"rendered":"<p>31. August 2016 &#8211; 01:19 Uhr Rhein &#8211; Kaiserbr\u00fccke Einzelfahrzeugalarmierung Einsatz 68 &#8211; 2016 In der Nacht auf Mittwoch gegen 1:15 Uhr meldeten Augenzeugen eine im Rhein treibende Person, woraufhin in beiden Landeshauptst\u00e4dten Einsatzkr\u00e4fte nach dem \u201eWasserrettungskonzept\u201c alarmiert wurden. Der anf\u00e4ngliche Einsatzbereich unterhalb der Theodor-Heuss-Br\u00fccke verlagerte sich aufgrund der aktuell herrschenden Flie\u00dfgeschwindigkeiten kurze Zeit sp\u00e4ter [&hellip;]<\/p>\n","protected":false},"author":1,"featured_media":0,"comment_status":"closed","ping_status":"open","sticky":false,"template":"","format":"standard","meta":{"_et_pb_use_builder":"","_et_pb_old_content":"","_et_gb_content_width":"","_crdt_document":"","footnotes":""},"categories":[5],"tags":[103,903,902,470,286,520,754],"class_list":["post-3119","post","type-post","status-publish","format-standard","hentry","category-einsatze","tag-boot","tag-kaiserbruecke","tag-leblos","tag-person","tag-rettung","tag-rhein","tag-rtb"],"_links":{"self":[{"href":"https:\/\/www.feuerwehrkostheim.de\/index.php?rest_route=\/wp\/v2\/posts\/3119","targetHints":{"allow":["GET"]}}],"collection":[{"href":"https:\/\/www.feuerwehrkostheim.de\/index.php?rest_route=\/wp\/v2\/posts"}],"about":[{"href":"https:\/\/www.feuerwehrkostheim.de\/index.php?rest_route=\/wp\/v2\/types\/post"}],"author":[{"embeddable":true,"href":"https:\/\/www.feuerwehrkostheim.de\/index.php?rest_route=\/wp\/v2\/users\/1"}],"replies":[{"embeddable":true,"href":"https:\/\/www.feuerwehrkostheim.de\/index.php?rest_route=%2Fwp%2Fv2%2Fcomments&post=3119"}],"version-history":[{"count":0,"href":"https:\/\/www.feuerwehrkostheim.de\/index.php?rest_route=\/wp\/v2\/posts\/3119\/revisions"}],"wp:attachment":[{"href":"https:\/\/www.feuerwehrkostheim.de\/index.php?rest_route=%2Fwp%2Fv2%2Fmedia&parent=3119"}],"wp:term":[{"taxonomy":"category","embeddable":true,"href":"https:\/\/www.feuerwehrkostheim.de\/index.php?rest_route=%2Fwp%2Fv2%2Fcategories&post=3119"},{"taxonomy":"post_tag","embeddable":true,"href":"https:\/\/www.feuerwehrkostheim.de\/index.php?rest_route=%2Fwp%2Fv2%2Ftags&post=3119"}],"curies":[{"name":"wp","href":"https:\/\/api.w.org\/{rel}","templated":true}]}}