{"id":3092,"date":"2016-08-04T13:04:20","date_gmt":"2016-08-04T11:04:20","guid":{"rendered":"http:\/\/www.feuerwehrkostheim.de\/?p=3092"},"modified":"2018-06-02T14:04:40","modified_gmt":"2018-06-02T13:04:40","slug":"brandverdacht-im-bereich-der-wls","status":"publish","type":"post","link":"https:\/\/www.feuerwehrkostheim.de\/?p=3092","title":{"rendered":"Brandverdacht im Bereich der WLS"},"content":{"rendered":"<p><img loading=\"lazy\" decoding=\"async\" class=\"alignleft\" title=\"Einsatz-Logo\" src=\"http:\/\/www.feuerwehrkostheim.de\/wp-content\/bilder\/sonstige\/logo_einsatz.jpg\" alt=\"Einsatz-Logo\" width=\"100\" height=\"100\" \/><strong>03. Aug 2016 &#8211; 18:20 Uhr<\/strong><br \/>\n<strong>Steinen Stra\u00dfe 20 &#8211; WLS<\/strong><br \/>\nFF-Einheit<br \/>\nEinsatz 61 &#8211; 2016<\/p>\n<p>Ein besorgter B\u00fcrger aus der Nachbarschaft meldete am Mittwochabend eine Rauchentwicklung und leichten Brandgeruch aus dem Bereich der Wilhelm-Leuschner-Schule. Die alarmierten Kr\u00e4fte der Kostheimer Wehr sowie der Berufsfeuerwehr konnten nach dem Eintreffen vor Ort aber gl\u00fccklicher Weise nichts feststellen, worauf der Einsatz kurze Zeit sp\u00e4ter abgebrochen wurde.<\/p>\n","protected":false},"excerpt":{"rendered":"<p>03. Aug 2016 &#8211; 18:20 Uhr Steinen Stra\u00dfe 20 &#8211; WLS FF-Einheit Einsatz 61 &#8211; 2016 Ein besorgter B\u00fcrger aus der Nachbarschaft meldete am Mittwochabend eine Rauchentwicklung und leichten Brandgeruch aus dem Bereich der Wilhelm-Leuschner-Schule. Die alarmierten Kr\u00e4fte der Kostheimer Wehr sowie der Berufsfeuerwehr konnten nach dem Eintreffen vor Ort aber gl\u00fccklicher Weise nichts feststellen, [&hellip;]<\/p>\n","protected":false},"author":1,"featured_media":0,"comment_status":"closed","ping_status":"open","sticky":false,"template":"","format":"standard","meta":{"_et_pb_use_builder":"","_et_pb_old_content":"","_et_gb_content_width":"","_crdt_document":"","footnotes":""},"categories":[5],"tags":[112,113,225],"class_list":["post-3092","post","type-post","status-publish","format-standard","hentry","category-einsatze","tag-brandverdacht","tag-fehlalarm","tag-wls"],"_links":{"self":[{"href":"https:\/\/www.feuerwehrkostheim.de\/index.php?rest_route=\/wp\/v2\/posts\/3092","targetHints":{"allow":["GET"]}}],"collection":[{"href":"https:\/\/www.feuerwehrkostheim.de\/index.php?rest_route=\/wp\/v2\/posts"}],"about":[{"href":"https:\/\/www.feuerwehrkostheim.de\/index.php?rest_route=\/wp\/v2\/types\/post"}],"author":[{"embeddable":true,"href":"https:\/\/www.feuerwehrkostheim.de\/index.php?rest_route=\/wp\/v2\/users\/1"}],"replies":[{"embeddable":true,"href":"https:\/\/www.feuerwehrkostheim.de\/index.php?rest_route=%2Fwp%2Fv2%2Fcomments&post=3092"}],"version-history":[{"count":0,"href":"https:\/\/www.feuerwehrkostheim.de\/index.php?rest_route=\/wp\/v2\/posts\/3092\/revisions"}],"wp:attachment":[{"href":"https:\/\/www.feuerwehrkostheim.de\/index.php?rest_route=%2Fwp%2Fv2%2Fmedia&parent=3092"}],"wp:term":[{"taxonomy":"category","embeddable":true,"href":"https:\/\/www.feuerwehrkostheim.de\/index.php?rest_route=%2Fwp%2Fv2%2Fcategories&post=3092"},{"taxonomy":"post_tag","embeddable":true,"href":"https:\/\/www.feuerwehrkostheim.de\/index.php?rest_route=%2Fwp%2Fv2%2Ftags&post=3092"}],"curies":[{"name":"wp","href":"https:\/\/api.w.org\/{rel}","templated":true}]}}