{"id":3087,"date":"2016-07-29T19:32:49","date_gmt":"2016-07-29T17:32:49","guid":{"rendered":"http:\/\/www.feuerwehrkostheim.de\/?p=3087"},"modified":"2018-06-02T14:04:40","modified_gmt":"2018-06-02T13:04:40","slug":"brennende-hecke-durch-anwohner-geloescht","status":"publish","type":"post","link":"https:\/\/www.feuerwehrkostheim.de\/?p=3087","title":{"rendered":"Brennende Hecke durch Anwohner gel\u00f6scht"},"content":{"rendered":"<p><img loading=\"lazy\" decoding=\"async\" class=\"alignleft\" title=\"Einsatz-Logo\" src=\"http:\/\/www.feuerwehrkostheim.de\/wp-content\/bilder\/sonstige\/logo_einsatz.jpg\" alt=\"Einsatz-Logo\" width=\"100\" height=\"100\" \/><strong>28. Juli 2016 &#8211; 16:19 Uhr<\/strong><br \/>\n<strong>Mainzer Stra\u00dfe \/ Kastel<\/strong><br \/>\nFF-Einheit \/ Alarmgruppe mit FF-Kastel<br \/>\nEinsatz 60 &#8211; 2016<\/p>\n<p>Aufgrund eines gemeldeten Brandverdachtes im Bereich der Mainzer Stra\u00dfe in Kastel wurden die Wehren Kostheim und Kastel zusammen mit dem L\u00f6schzug der Wache 2 am Donnerstagmittag nach 16 Uhr alarmiert. Nachdem die ersten Einsatzkr\u00e4fte eintrafen, stellten diese einen durch Anwohner gel\u00f6schten Heckenbrand fest und konnten Entwarnung geben. Schon nach 20 Minuten konnte der Einsatz beendet werden.<\/p>\n","protected":false},"excerpt":{"rendered":"<p>28. Juli 2016 &#8211; 16:19 Uhr Mainzer Stra\u00dfe \/ Kastel FF-Einheit \/ Alarmgruppe mit FF-Kastel Einsatz 60 &#8211; 2016 Aufgrund eines gemeldeten Brandverdachtes im Bereich der Mainzer Stra\u00dfe in Kastel wurden die Wehren Kostheim und Kastel zusammen mit dem L\u00f6schzug der Wache 2 am Donnerstagmittag nach 16 Uhr alarmiert. Nachdem die ersten Einsatzkr\u00e4fte eintrafen, stellten [&hellip;]<\/p>\n","protected":false},"author":1,"featured_media":0,"comment_status":"closed","ping_status":"open","sticky":false,"template":"","format":"standard","meta":{"_et_pb_use_builder":"","_et_pb_old_content":"","_et_gb_content_width":"","_crdt_document":"","footnotes":""},"categories":[5],"tags":[110,292,112,898],"class_list":["post-3087","post","type-post","status-publish","format-standard","hentry","category-einsatze","tag-alarmgruppe","tag-anwohner","tag-brandverdacht","tag-heckenbrand"],"_links":{"self":[{"href":"https:\/\/www.feuerwehrkostheim.de\/index.php?rest_route=\/wp\/v2\/posts\/3087","targetHints":{"allow":["GET"]}}],"collection":[{"href":"https:\/\/www.feuerwehrkostheim.de\/index.php?rest_route=\/wp\/v2\/posts"}],"about":[{"href":"https:\/\/www.feuerwehrkostheim.de\/index.php?rest_route=\/wp\/v2\/types\/post"}],"author":[{"embeddable":true,"href":"https:\/\/www.feuerwehrkostheim.de\/index.php?rest_route=\/wp\/v2\/users\/1"}],"replies":[{"embeddable":true,"href":"https:\/\/www.feuerwehrkostheim.de\/index.php?rest_route=%2Fwp%2Fv2%2Fcomments&post=3087"}],"version-history":[{"count":0,"href":"https:\/\/www.feuerwehrkostheim.de\/index.php?rest_route=\/wp\/v2\/posts\/3087\/revisions"}],"wp:attachment":[{"href":"https:\/\/www.feuerwehrkostheim.de\/index.php?rest_route=%2Fwp%2Fv2%2Fmedia&parent=3087"}],"wp:term":[{"taxonomy":"category","embeddable":true,"href":"https:\/\/www.feuerwehrkostheim.de\/index.php?rest_route=%2Fwp%2Fv2%2Fcategories&post=3087"},{"taxonomy":"post_tag","embeddable":true,"href":"https:\/\/www.feuerwehrkostheim.de\/index.php?rest_route=%2Fwp%2Fv2%2Ftags&post=3087"}],"curies":[{"name":"wp","href":"https:\/\/api.w.org\/{rel}","templated":true}]}}