{"id":3070,"date":"2016-07-17T11:38:44","date_gmt":"2016-07-17T09:38:44","guid":{"rendered":"http:\/\/www.feuerwehrkostheim.de\/?p=3070"},"modified":"2018-06-02T14:04:41","modified_gmt":"2018-06-02T13:04:41","slug":"sommerabschlussuebung-der-jugendfeuerwehr","status":"publish","type":"post","link":"https:\/\/www.feuerwehrkostheim.de\/?p=3070","title":{"rendered":"Sommerabschluss\u00fcbung der Jugendfeuerwehr"},"content":{"rendered":"<p><a title=\"Sommerabschluss\u00fcbung der Jugendfeuerwehr - 16.07.16, auf Flickr\" href=\"https:\/\/www.flickr.com\/photos\/ffkostheim\/sets\/72157668546272583\" target=\"_blank\"><img loading=\"lazy\" decoding=\"async\" class=\"alignright\" src=\"https:\/\/c4.staticflickr.com\/9\/8798\/27893745163_e420fa0c52_n.jpg\" alt=\"Sommerabschluss\u00fcbung der Jugendfeuerwehr - 16.07.16 width=\" width=\"282\" height=\"186\" \/><\/a> Zu Beginn der Sommerferien veranstaltete die Jugendfeuerwehr Kostheim ihre diesj\u00e4hrige Sommerabschluss\u00fcbung.<br \/>\nGemeldet war ein Feuer mit vier vermissten Personen im Kindergarten Maria-Hilf in der Fl\u00f6rsheimer Stra\u00dfe. Die Jugendlichen machten sich mit beiden L\u00f6schfahrzeugen auf den Weg zur Einsatzstelle in der Kostheimer Siedlung.<\/p>\n<p><a title=\"Sommerabschluss\u00fcbung der Jugendfeuerwehr - 16.07.16, auf Flickr\" href=\"https:\/\/www.flickr.com\/photos\/ffkostheim\/sets\/72157668546272583\" target=\"_blank\"><img decoding=\"async\" class=\" alignleft\" src=\"https:\/\/c2.staticflickr.com\/9\/8592\/28509186705_a1528b635f_n.jpg\" alt=\"Sommerabschluss\u00fcbung der Jugendfeuerwehr - 16.07.16 width=\" height=\"320\" \/><\/a> Bei der Erkundung des Gruppenf\u00fchrers stellte dieser fest, dass es zu einer Rauchentwicklung im hinteren Teil des Geb\u00e4udes gekommen war. Da sich noch Personen im Geb\u00e4ude befanden, r\u00fcstete sich der Angriffstrupp mit Atemschutz aus und ging zur Menschenrettung vor. Bereits im Eichh\u00f6rnchen-Gruppenraum hatte der Trupp eine Person gefunden und ins Freie gerettet.<\/p>\n<p>Der zweite Angriffstrupp, der sich ebenfalls zur Menschrettung ins Geb\u00e4ude vortastete, fand eine zweite Person in der Zwischenebene der Kita und rettete diese. Da das Geb\u00e4ude sehr verwinkelt und stark verraucht war, entschied sich der Gruppenf\u00fchrer einen weiteren Trupp zur Menschenrettung ins Geb\u00e4ude zu schicken. Es wurden zwei weitere Personen im Dachgeschoss gefunden und gerettet.<\/p>\n<p><!--more--> <a title=\"Sommerabschluss\u00fcbung der Jugendfeuerwehr - 16.07.16, auf Flickr\" href=\"https:\/\/www.flickr.com\/photos\/ffkostheim\/sets\/72157668546272583\" target=\"_blank\"><img loading=\"lazy\" decoding=\"async\" class=\"alignright\" src=\"https:\/\/c4.staticflickr.com\/9\/8634\/28509206395_f0323c08ba_n.jpg\" alt=\"Sommerabschluss\u00fcbung der Jugendfeuerwehr - 16.07.16 width=\" width=\"212\" height=\"320\" \/><\/a> Nachdem alle Vermissten in Sicherheit waren und die Brandbek\u00e4mpfung abgeschlossen werden konnte, wurde der Einsatz beendet. Bevor man das ben\u00f6tigte Material wieder auf den Fahrzeugen verstaute, erfolgte eine ausf\u00fchrliche Nachbesprechung in der man die Einsatzlage sowie das Vorgehen besprach.<\/p>\n<p>Im Ger\u00e4tehaus angekommen konnte dann die Pizzabestellung aufgegeben werden. Nach der St\u00e4rkung stand den Jugendlichen die Ausgestaltung des Abendprogrammes frei. Zu sp\u00e4ter Stunde machte man sich in der Dunkelheit auf den Weg zur Maaraue, um sich die verschiedenen Wirkungsweisen der Beleuchtungsger\u00e4te, die auf den L\u00f6schfahrzeugen verladen sind, anzuschauen.<\/p>\n<p>Mit einem gemeinsamen Fr\u00fchst\u00fcck am Sonntagmorgen lie\u00df man die Sommerabschluss\u00fcbung ausklingen und verabschiedete die Nachwuchskr\u00e4fte in ihre verdienten Sommerferien.<\/p>\n<p>Zu guter Letzt m\u00f6chte sich die Jugendfeuerwehr Kostheim herzlichst bei den Verantwortlichen der Kita Maria Hilf bedanken, die ihre R\u00e4umlichkeiten f\u00fcr die \u00dcbung zur Verf\u00fcgung gestellt hatten.<\/p>\n","protected":false},"excerpt":{"rendered":"<p>Zu Beginn der Sommerferien veranstaltete die Jugendfeuerwehr Kostheim ihre diesj\u00e4hrige Sommerabschluss\u00fcbung. Gemeldet war ein Feuer mit vier vermissten Personen im Kindergarten Maria-Hilf in der Fl\u00f6rsheimer Stra\u00dfe. Die Jugendlichen machten sich mit beiden L\u00f6schfahrzeugen auf den Weg zur Einsatzstelle in der Kostheimer Siedlung. Bei der Erkundung des Gruppenf\u00fchrers stellte dieser fest, dass es zu einer Rauchentwicklung [&hellip;]<\/p>\n","protected":false},"author":1,"featured_media":0,"comment_status":"closed","ping_status":"open","sticky":false,"template":"","format":"standard","meta":{"_et_pb_use_builder":"","_et_pb_old_content":"","_et_gb_content_width":"","_crdt_document":"","footnotes":""},"categories":[7],"tags":[221,176,893,892,105],"class_list":["post-3070","post","type-post","status-publish","format-standard","hentry","category-jugendfeuerwehr","tag-abschlussubung","tag-kindergarten","tag-kita","tag-maria-hilf","tag-ubung"],"_links":{"self":[{"href":"https:\/\/www.feuerwehrkostheim.de\/index.php?rest_route=\/wp\/v2\/posts\/3070","targetHints":{"allow":["GET"]}}],"collection":[{"href":"https:\/\/www.feuerwehrkostheim.de\/index.php?rest_route=\/wp\/v2\/posts"}],"about":[{"href":"https:\/\/www.feuerwehrkostheim.de\/index.php?rest_route=\/wp\/v2\/types\/post"}],"author":[{"embeddable":true,"href":"https:\/\/www.feuerwehrkostheim.de\/index.php?rest_route=\/wp\/v2\/users\/1"}],"replies":[{"embeddable":true,"href":"https:\/\/www.feuerwehrkostheim.de\/index.php?rest_route=%2Fwp%2Fv2%2Fcomments&post=3070"}],"version-history":[{"count":0,"href":"https:\/\/www.feuerwehrkostheim.de\/index.php?rest_route=\/wp\/v2\/posts\/3070\/revisions"}],"wp:attachment":[{"href":"https:\/\/www.feuerwehrkostheim.de\/index.php?rest_route=%2Fwp%2Fv2%2Fmedia&parent=3070"}],"wp:term":[{"taxonomy":"category","embeddable":true,"href":"https:\/\/www.feuerwehrkostheim.de\/index.php?rest_route=%2Fwp%2Fv2%2Fcategories&post=3070"},{"taxonomy":"post_tag","embeddable":true,"href":"https:\/\/www.feuerwehrkostheim.de\/index.php?rest_route=%2Fwp%2Fv2%2Ftags&post=3070"}],"curies":[{"name":"wp","href":"https:\/\/api.w.org\/{rel}","templated":true}]}}