{"id":3057,"date":"2016-07-13T18:53:33","date_gmt":"2016-07-13T16:53:33","guid":{"rendered":"http:\/\/www.feuerwehrkostheim.de\/?p=3057"},"modified":"2018-06-02T14:04:41","modified_gmt":"2018-06-02T13:04:41","slug":"feuer-mit-decke-geloescht-groesseren-schaden-verhindert","status":"publish","type":"post","link":"https:\/\/www.feuerwehrkostheim.de\/?p=3057","title":{"rendered":"Feuer mit Decke gel\u00f6scht &#8211; gr\u00f6\u00dferen Schaden verhindert"},"content":{"rendered":"<p><img loading=\"lazy\" decoding=\"async\" class=\"alignleft\" title=\"Einsatz-Logo\" src=\"http:\/\/www.feuerwehrkostheim.de\/wp-content\/bilder\/sonstige\/logo_einsatz.jpg\" alt=\"Einsatz-Logo\" width=\"100\" height=\"100\" \/><strong>11. Juli 2016 &#8211; 21:07 Uhr<\/strong><br \/>\n<strong>Eichenstra\u00dfe 4<\/strong><br \/>\nFF-Einheit<br \/>\nEinsatz 53 &#8211; 2016<\/p>\n<p>Ein Brandverdacht in der Kostheimer Eichenstra\u00dfe f\u00fchrte zu einem Einsatz der freiwilligen Wehr sowie des L\u00f6schzuges der Berufsfeuerwehr am Montagabend. Nachdem man vor Ort ankam, waren Bewohner des Mehrfamilienhauses schon vor dem Geb\u00e4ude und gaben Entwarnung. Die Mieterin der Wohnung hatte das Malheur schon eigenst\u00e4ndig in Angriff genommen. Sie l\u00f6schte mit einer Decke auf dem Herd in Brand geratenes Verpackungsmaterial. Durch die Feuerwehr mussten lediglich die R\u00e4umlichkeiten bel\u00fcftet werden. Vorsorglich nahm der ebenfalls anger\u00fcckte Rettungsdienst die Wohnungsinhaberin in Augenschein. Nach 30 Minuten beendete man den Einsatz.<\/p>\n","protected":false},"excerpt":{"rendered":"<p>11. Juli 2016 &#8211; 21:07 Uhr Eichenstra\u00dfe 4 FF-Einheit Einsatz 53 &#8211; 2016 Ein Brandverdacht in der Kostheimer Eichenstra\u00dfe f\u00fchrte zu einem Einsatz der freiwilligen Wehr sowie des L\u00f6schzuges der Berufsfeuerwehr am Montagabend. Nachdem man vor Ort ankam, waren Bewohner des Mehrfamilienhauses schon vor dem Geb\u00e4ude und gaben Entwarnung. Die Mieterin der Wohnung hatte das [&hellip;]<\/p>\n","protected":false},"author":1,"featured_media":0,"comment_status":"closed","ping_status":"open","sticky":false,"template":"","format":"standard","meta":{"_et_pb_use_builder":"","_et_pb_old_content":"","_et_gb_content_width":"","_crdt_document":"","footnotes":""},"categories":[5],"tags":[112,888,886,889,887],"class_list":["post-3057","post","type-post","status-publish","format-standard","hentry","category-einsatze","tag-brandverdacht","tag-decke","tag-herd","tag-loeschen","tag-verpackung"],"_links":{"self":[{"href":"https:\/\/www.feuerwehrkostheim.de\/index.php?rest_route=\/wp\/v2\/posts\/3057","targetHints":{"allow":["GET"]}}],"collection":[{"href":"https:\/\/www.feuerwehrkostheim.de\/index.php?rest_route=\/wp\/v2\/posts"}],"about":[{"href":"https:\/\/www.feuerwehrkostheim.de\/index.php?rest_route=\/wp\/v2\/types\/post"}],"author":[{"embeddable":true,"href":"https:\/\/www.feuerwehrkostheim.de\/index.php?rest_route=\/wp\/v2\/users\/1"}],"replies":[{"embeddable":true,"href":"https:\/\/www.feuerwehrkostheim.de\/index.php?rest_route=%2Fwp%2Fv2%2Fcomments&post=3057"}],"version-history":[{"count":0,"href":"https:\/\/www.feuerwehrkostheim.de\/index.php?rest_route=\/wp\/v2\/posts\/3057\/revisions"}],"wp:attachment":[{"href":"https:\/\/www.feuerwehrkostheim.de\/index.php?rest_route=%2Fwp%2Fv2%2Fmedia&parent=3057"}],"wp:term":[{"taxonomy":"category","embeddable":true,"href":"https:\/\/www.feuerwehrkostheim.de\/index.php?rest_route=%2Fwp%2Fv2%2Fcategories&post=3057"},{"taxonomy":"post_tag","embeddable":true,"href":"https:\/\/www.feuerwehrkostheim.de\/index.php?rest_route=%2Fwp%2Fv2%2Ftags&post=3057"}],"curies":[{"name":"wp","href":"https:\/\/api.w.org\/{rel}","templated":true}]}}