{"id":3039,"date":"2016-07-04T19:03:06","date_gmt":"2016-07-04T17:03:06","guid":{"rendered":"http:\/\/www.feuerwehrkostheim.de\/?p=3039"},"modified":"2018-06-02T14:04:41","modified_gmt":"2018-06-02T13:04:41","slug":"mot-marsch-samt-waldbranduebung-im-nachbarkreis-ein-gelungenes-uebungswochenende","status":"publish","type":"post","link":"https:\/\/www.feuerwehrkostheim.de\/?p=3039","title":{"rendered":"Mot-Marsch samt Waldbrand\u00fcbung im Nachbarkreis &#8211; ein gelungenes \u00dcbungswochenende"},"content":{"rendered":"<p><a title=\"Mot-Marsch der Einsatzabteilung - 18.\/19.06.16, auf Flickr\" href=\"https:\/\/www.flickr.com\/photos\/ffkostheim\/sets\/72157670168728776\" target=\"_blank\"><img loading=\"lazy\" decoding=\"async\" class=\" alignleft\" src=\"https:\/\/c1.staticflickr.com\/8\/7470\/27815465352_de662ebc9d_n.jpg\" alt=\"Mot-Marsch der Einsatzabteilung - 18.\/19.06.16\" width=\"320\" height=\"212\" \/><\/a> Die Kostheimer Feuerwehr veranstaltete im Juni ein interessantes und abwechslungsreiches \u00dcbungswochenende au\u00dferhalb des Wiesbadener Stadtgebietes. Schon am fr\u00fchen Samstagmorgen traf man sich im Ger\u00e4tehaus und besetzte neben den eigenen Einsatzfahrzeugen auch den aus Biebrich ausgeliehenen Schlauchwagen (SW2000). Zu Beginn stand einen Koordinatenfahrt auf dem Plan, bei der die jeweiligen Fahrzeuge vorher ausgesuchte Ziele ansteuern mussten. Um ein optimales \u00dcbungsziel zu erreichen, fuhren alle Autos getrennt voneinander jeweils unterschiedliche Punkte an.<\/p>\n<p>Im Laufe des Vormittags erreichte die Kostheimer Kr\u00e4fte eine Anforderung aus dem Rheingau-Taunus-Kreis zur Unterst\u00fctzung bei einer gr\u00f6\u00dfer angelegten Katastrophenschutz\u00fcbung. Bis auf das Planungsteam rund um die Wehrf\u00fchrung wusste hiervon keiner der Kameraden etwas.<\/p>\n<p><!--more--> <a title=\"Mot-Marsch der Einsatzabteilung - 18.\/19.06.16, auf Flickr\" href=\"https:\/\/www.flickr.com\/photos\/ffkostheim\/sets\/72157670168728776\" target=\"_blank\"><img loading=\"lazy\" decoding=\"async\" class=\"alignright\" src=\"https:\/\/c2.staticflickr.com\/8\/7406\/27916821105_9dbffa99f5_n.jpg\" alt=\"Mot-Marsch der Einsatzabteilung - 18.\/19.06.16\" width=\"320\" height=\"212\" \/><\/a> Man versammelte sich in Oberlibbach und fuhr geschlossen als KatS-Zug Wiesbaden den angegebenen Bereitstellungsplatz in G\u00f6rsroth an. Hier bekam die Kostheimer Wehr ihren Einsatzauftrag \u00fcbergeben und wurde unter der Begleitung eines Lotsen zum eigentlichen Einsatzort \u2013 einem Waldst\u00fcck westlich von Idstein und der ICE-Trasse \u2013 geleitet. Es galt, die Ausbreitung eines angenommen Waldbrandes zu verhindern und diesen zu l\u00f6schen. Der Kostheimer Zug bekam einen eigenen Einsatzabschnitt zugeteilt in dem neben dem Aufbau einer Wasserentnahme auch eine Wasserf\u00f6rderung \u00fcber lange Wegstrecke in Betrieb genommen werden musste.<br \/>\n<a title=\"Mot-Marsch der Einsatzabteilung - 18.\/19.06.16, auf Flickr\" href=\"https:\/\/www.flickr.com\/photos\/ffkostheim\/sets\/72157670168728776\" target=\"_blank\"><img loading=\"lazy\" decoding=\"async\" class=\" alignleft\" src=\"https:\/\/c5.staticflickr.com\/8\/7327\/27815459292_ecaac6511e_n.jpg\" alt=\"Mot-Marsch der Einsatzabteilung - 18.\/19.06.16\" width=\"320\" height=\"240\" \/><\/a> Die Herausforderung bestand darin, eine L\u00e4nge von 700 Metern sowie insgesamt 80 H\u00f6henmeter zu \u00fcberwinden.Das L\u00f6schfahrzeug war f\u00fcr die Brandbek\u00e4mpfung direkt im Wald zust\u00e4ndig.<\/p>\n<p>Rauch aus Nebelmaschinen, Nebelkerzen, Bengalos sowie Flatterband mit unterschiedlichen Bildern signalisierte den Kr\u00e4ften die Brandstelle. Dank guter Zusammenarbeit jedes Einzelnen, war nur 25 Minuten nach dem Eintreffen im Einsatzgebiet die Wasserversorgung sichergestellt. Parallel zu den Kostheimer Kr\u00e4ften, waren auch die KatS-Z\u00fcge Idstein sowie Taunusstein in benachbarten Bereichen zur Brandbek\u00e4mpfung eingebunden. Die Koordinierung \u00fcbernahm die Technische Einsatzleitung des Kreises.<\/p>\n<p><a title=\"Mot-Marsch der Einsatzabteilung - 18.\/19.06.16, auf Flickr\" href=\"https:\/\/www.flickr.com\/photos\/ffkostheim\/sets\/72157670168728776\" target=\"_blank\"><img loading=\"lazy\" decoding=\"async\" class=\"alignright\" src=\"https:\/\/c6.staticflickr.com\/8\/7661\/27840035461_695dd3bddc_n.jpg\" alt=\"Mot-Marsch der Einsatzabteilung - 18.\/19.06.16\" width=\"320\" height=\"240\" \/><\/a> Im Anschluss an die erfolgreiche \u00dcbung und den im str\u00f6menden Regen stattgefundenen Abbau, gab es Gelegeheit im St\u00fctzpunkt Idstein eine Grobreinigung der Ger\u00e4tschaften durchzuf\u00fchren, bevor in der Kantine der Firma Black&amp;Decker ein warmes Mittagessen serviert wurde.<\/p>\n<p>Zum sp\u00e4ten Samstagnachmittag beendeten die Kostheimer Kameraden den offiziellen Teil des \u00dcbungstages und steuerten die befreundete Feuerwehr Niederauroff an, wo man auch schon vor f\u00fcnf Jahren Gast bei einem Mot-Marsch war. Hier lie\u00df man den Tag bei einem gem\u00fctlichen Beisammensein zusammen mit den \u00f6rtlichen Kameraden ausklingen. Die Versorgung mit Getr\u00e4nken und Essen war wie gewohnt erstklassig und lie\u00df keine W\u00fcnsche offen. Auch die kurze Unterbrechung durch einen Einsatz konnte den Abend nicht tr\u00fcben &#8211; ganz im Gegenteil. Die vom Einsatz zur\u00fcckkehrenden Niederauoffer bekamen durch die Kostheimer Kollegen bei der Ankunft am Ger\u00e4tehaus ein St\u00e4ndchen in Form des Kostheimer Feuerwehrliedes gesungen.<\/p>\n<p><a title=\"Mot-Marsch der Einsatzabteilung - 18.\/19.06.16, auf Flickr\" href=\"https:\/\/www.flickr.com\/photos\/ffkostheim\/sets\/72157670168728776\" target=\"_blank\"><img loading=\"lazy\" decoding=\"async\" class=\" alignleft\" src=\"https:\/\/c2.staticflickr.com\/8\/7421\/27840041401_ca817c74f5_n.jpg\" alt=\"Mot-Marsch der Einsatzabteilung - 18.\/19.06.16\" width=\"271\" height=\"203\" \/><\/a> Nach einer kurzen Nacht und einem herzhaften Fr\u00fchst\u00fcck wurden die Sachen gepackt und man verabschiedete sich. In der Hoffnung auf ein baldiges Wiedersehen, vielleicht schon in diesem Jahr, steuerte der Wiesbadener L\u00f6schzug wieder das heimische Stadtgebiet an. Gegen fr\u00fchen Nachmittag beendete die \u00dcbungsleitung nach erfolgreicher Fahrzeugreinigung das \u00fcberaus erfolgreiche \u00dcbungswochenende.<\/p>\n<p>An dieser Stelle gilt ein <strong>dickes Danke<\/strong> nicht nur den Kameraden, die f\u00fcr die Ausarbeitung der Waldbrand\u00fcbung zust\u00e4ndig waren, sondern auch den Kameraden aus Niederauroff, die uns wie gewohnt vollends Verw\u00f6hnt hatten.<\/p>\n","protected":false},"excerpt":{"rendered":"<p>Die Kostheimer Feuerwehr veranstaltete im Juni ein interessantes und abwechslungsreiches \u00dcbungswochenende au\u00dferhalb des Wiesbadener Stadtgebietes. Schon am fr\u00fchen Samstagmorgen traf man sich im Ger\u00e4tehaus und besetzte neben den eigenen Einsatzfahrzeugen auch den aus Biebrich ausgeliehenen Schlauchwagen (SW2000). Zu Beginn stand einen Koordinatenfahrt auf dem Plan, bei der die jeweiligen Fahrzeuge vorher ausgesuchte Ziele ansteuern mussten. [&hellip;]<\/p>\n","protected":false},"author":1,"featured_media":0,"comment_status":"closed","ping_status":"open","sticky":false,"template":"","format":"standard","meta":{"_et_pb_use_builder":"","_et_pb_old_content":"","_et_gb_content_width":"","_crdt_document":"","footnotes":""},"categories":[1],"tags":[884,648,885,730,105,883],"class_list":["post-3039","post","type-post","status-publish","format-standard","hentry","category-allgemein","tag-idstein","tag-kats","tag-mot-marsch","tag-niederauroff","tag-ubung","tag-waldbrand"],"_links":{"self":[{"href":"https:\/\/www.feuerwehrkostheim.de\/index.php?rest_route=\/wp\/v2\/posts\/3039","targetHints":{"allow":["GET"]}}],"collection":[{"href":"https:\/\/www.feuerwehrkostheim.de\/index.php?rest_route=\/wp\/v2\/posts"}],"about":[{"href":"https:\/\/www.feuerwehrkostheim.de\/index.php?rest_route=\/wp\/v2\/types\/post"}],"author":[{"embeddable":true,"href":"https:\/\/www.feuerwehrkostheim.de\/index.php?rest_route=\/wp\/v2\/users\/1"}],"replies":[{"embeddable":true,"href":"https:\/\/www.feuerwehrkostheim.de\/index.php?rest_route=%2Fwp%2Fv2%2Fcomments&post=3039"}],"version-history":[{"count":0,"href":"https:\/\/www.feuerwehrkostheim.de\/index.php?rest_route=\/wp\/v2\/posts\/3039\/revisions"}],"wp:attachment":[{"href":"https:\/\/www.feuerwehrkostheim.de\/index.php?rest_route=%2Fwp%2Fv2%2Fmedia&parent=3039"}],"wp:term":[{"taxonomy":"category","embeddable":true,"href":"https:\/\/www.feuerwehrkostheim.de\/index.php?rest_route=%2Fwp%2Fv2%2Fcategories&post=3039"},{"taxonomy":"post_tag","embeddable":true,"href":"https:\/\/www.feuerwehrkostheim.de\/index.php?rest_route=%2Fwp%2Fv2%2Ftags&post=3039"}],"curies":[{"name":"wp","href":"https:\/\/api.w.org\/{rel}","templated":true}]}}