{"id":3023,"date":"2016-06-26T12:52:01","date_gmt":"2016-06-26T10:52:01","guid":{"rendered":"http:\/\/www.feuerwehrkostheim.de\/?p=3023"},"modified":"2018-06-02T14:04:41","modified_gmt":"2018-06-02T13:04:41","slug":"zeltlager-der-jugendfeuwehr-in-aumenau-limburg-a-d-l","status":"publish","type":"post","link":"https:\/\/www.feuerwehrkostheim.de\/?p=3023","title":{"rendered":"Zeltlager der Jugendfeuwehr in Aumenau (Limburg a.d.L.)"},"content":{"rendered":"<p><a title=\"Zeltfahrt 2016 der Jugendfeuerwehr\" href=\"https:\/\/www.flickr.com\/photos\/ffkostheim\/albums\/72157667507350354\" target=\"_blank\" data-flickr-embed=\"true\"><img loading=\"lazy\" decoding=\"async\" class=\"alignleft\" src=\"https:\/\/c8.staticflickr.com\/8\/7663\/27302536983_166df10f0e_n.jpg\" alt=\"Zeltfahrt 2016 der Jugendfeuerwehr\" width=\"320\" height=\"240\" \/><\/a><script src=\"\/\/embedr.flickr.com\/assets\/client-code.js\" async=\"\" charset=\"utf-8\"><\/script>(fw) Die allj\u00e4hrliche Zeltfahrt der Jugendfeuerwehr Kostheim f\u00fchrte dieses Jahr \u00fcber Fronleichnam zum Kreisjugendfeuerwehrzeltlager Limburg-Weilburg nach Marktflecken Villmar-Aumenau. Die 16 Jungen und 2 M\u00e4dchen waren mit ihren 4 Betreuern ein kleiner Teil von insgesamt 1004 Teilnehmern. Schon dienstags fuhr ein Teil der Betreuer, unter tatkr\u00e4ftiger Unterst\u00fctzung durch Kameraden der aktiven Wehr, zum Aufbau der Zelte nach Aumenau. In leicht nieseligem Regen machte man sich z\u00fcgig an den Zeltaufbau, um im Anschluss noch das ein oder andere Gef\u00e4hrt f\u00fcr die Fahrt abzuholen.<\/p>\n<p><!--more--><\/p>\n<p>Der Mittwoch war endlich gekommen und neben den 3 Mannschaftstransportwagen standen die begeisterten Jugendlichen zur Abfahrt bereit. Nach der Aufteilung, welche Gr\u00fcppchen auf welchem Fahrzeug Platz nahmen, ging es auch schon los. Nach 1-st\u00fcndiger Fahrt konnten die Jugendlichen mit ihren Betreuern die schon aufgebauten Zelte beziehen und nach einem reichhaltigen Abendessen an der Begr\u00fc\u00dfungsfeier in der Eichelberghalle teilnehmen.<\/p>\n<p><a title=\"Zeltfahrt 2016 der Jugendfeuerwehr\" href=\"https:\/\/www.flickr.com\/photos\/ffkostheim\/albums\/72157667507350354\" target=\"_blank\" data-flickr-embed=\"true\"><img loading=\"lazy\" decoding=\"async\" class=\"alignright\" src=\"https:\/\/c6.staticflickr.com\/8\/7243\/27915633965_f3d03e6a16_n.jpg\" alt=\"Zeltfahrt 2016 der Jugendfeuerwehr\" width=\"320\" height=\"180\" \/><\/a><script src=\"\/\/embedr.flickr.com\/assets\/client-code.js\" async=\"\" charset=\"utf-8\"><\/script>Im Anschluss an die Begr\u00fc\u00dfung, bei der sich der B\u00fcrgermeister, das Organisationsteam und viele andere G\u00e4ste vorstellten sowie eine eigens f\u00fcr die Teilnehmer zur Verf\u00fcgung gestellte Handyladestation \u2013 in Form eines Fahrrades mit USB-Anschluss \u2013 in Stellung gebracht wurde, machte man sich auf den Weg zur Entz\u00fcndung des Lagerfeuers, das sich angrenzend an die Stellpl\u00e4tze der Zelte im vorderen Bereich des Zeltplatzes befand.<br \/>\nIn den n\u00e4chsten Tagen hatten die Jugendlichen die M\u00f6glichkeit sich an verschiedenen Workshops zu beteiligen. Unter anderem bestritt ein Teil der Kostheimer Jugendlichen ein Fu\u00dfballturnier, bei dem sie sich nach hartem Kampf am Ende f\u00fcr das Finale qualifiziert hatten und tats\u00e4chlich den 1. Platz gewannen.<\/p>\n<p><a title=\"Zeltlager 2016 der Jugendfeuerwehr\" href=\"https:\/\/www.flickr.com\/photos\/ffkostheim\/albums\/72157667507350354\" target=\"_blank\" data-flickr-embed=\"true\"><img loading=\"lazy\" decoding=\"async\" class=\"alignleft\" src=\"https:\/\/c8.staticflickr.com\/8\/7401\/27302879543_d3f2a16821_n.jpg\" alt=\"Zeltlager 2016 der Jugendfeuerwehr\" width=\"206\" height=\"320\" \/><\/a><script src=\"\/\/embedr.flickr.com\/assets\/client-code.js\" async=\"\" charset=\"utf-8\"><\/script>Bei der Verabschiedung am letzten Abend wurde den Jugendlichen dann auch ein gro\u00dfer silberner Pokal f\u00fcr die Errungenschaft des 1. Platzes \u00fcberreicht. Freudig nahmen die Jugendlichen diesen entgegen. Weiterhin erfreuten die Organisatoren des Zeltlagers die einzelnen Jugendfeuerwehren mit kleinen Abschiedsgeschenken in Form eines F\u00e4ustels mit der Gravur: \u201eKJFW Zeltlager 2016 Marktflecken Villmar\u201c. Dieser sollte als Sinnbild f\u00fcr die erreichte Teilnehmerzahl von \u00fcber 1.000 Beteiligten stehen.<\/p>\n<p>Zu guter Letzt war man froh, trotz vorhergesagter Unwetter, eine sch\u00f6ne, lustige und nur leicht verregnete Zeltfahrt hinter sich gebracht zu haben und die Jugendlichen wieder heil, ohne Blessuren oder \u00e4hnlichem, am Feuerwehrger\u00e4tehaus entlassen zu k\u00f6nnen.<\/p>\n","protected":false},"excerpt":{"rendered":"<p>(fw) Die allj\u00e4hrliche Zeltfahrt der Jugendfeuerwehr Kostheim f\u00fchrte dieses Jahr \u00fcber Fronleichnam zum Kreisjugendfeuerwehrzeltlager Limburg-Weilburg nach Marktflecken Villmar-Aumenau. Die 16 Jungen und 2 M\u00e4dchen waren mit ihren 4 Betreuern ein kleiner Teil von insgesamt 1004 Teilnehmern. Schon dienstags fuhr ein Teil der Betreuer, unter tatkr\u00e4ftiger Unterst\u00fctzung durch Kameraden der aktiven Wehr, zum Aufbau der Zelte [&hellip;]<\/p>\n","protected":false},"author":1,"featured_media":0,"comment_status":"closed","ping_status":"open","sticky":false,"template":"","format":"standard","meta":{"_et_pb_use_builder":"","_et_pb_old_content":"","_et_gb_content_width":"","_crdt_document":"","footnotes":""},"categories":[7,9],"tags":[873,739,875,874,100],"class_list":["post-3023","post","type-post","status-publish","format-standard","hentry","category-jugendfeuerwehr","category-veranstaltungen","tag-aumenau","tag-freizeitfahrt","tag-kreisjugendzeltlager","tag-weyer","tag-zeltlager"],"_links":{"self":[{"href":"https:\/\/www.feuerwehrkostheim.de\/index.php?rest_route=\/wp\/v2\/posts\/3023","targetHints":{"allow":["GET"]}}],"collection":[{"href":"https:\/\/www.feuerwehrkostheim.de\/index.php?rest_route=\/wp\/v2\/posts"}],"about":[{"href":"https:\/\/www.feuerwehrkostheim.de\/index.php?rest_route=\/wp\/v2\/types\/post"}],"author":[{"embeddable":true,"href":"https:\/\/www.feuerwehrkostheim.de\/index.php?rest_route=\/wp\/v2\/users\/1"}],"replies":[{"embeddable":true,"href":"https:\/\/www.feuerwehrkostheim.de\/index.php?rest_route=%2Fwp%2Fv2%2Fcomments&post=3023"}],"version-history":[{"count":0,"href":"https:\/\/www.feuerwehrkostheim.de\/index.php?rest_route=\/wp\/v2\/posts\/3023\/revisions"}],"wp:attachment":[{"href":"https:\/\/www.feuerwehrkostheim.de\/index.php?rest_route=%2Fwp%2Fv2%2Fmedia&parent=3023"}],"wp:term":[{"taxonomy":"category","embeddable":true,"href":"https:\/\/www.feuerwehrkostheim.de\/index.php?rest_route=%2Fwp%2Fv2%2Fcategories&post=3023"},{"taxonomy":"post_tag","embeddable":true,"href":"https:\/\/www.feuerwehrkostheim.de\/index.php?rest_route=%2Fwp%2Fv2%2Ftags&post=3023"}],"curies":[{"name":"wp","href":"https:\/\/api.w.org\/{rel}","templated":true}]}}