{"id":301,"date":"2007-07-01T11:03:01","date_gmt":"2007-07-01T11:03:01","guid":{"rendered":"http:\/\/www.feuerwehrkostheim.de\/ffk\/?p=301"},"modified":"2018-06-02T14:09:47","modified_gmt":"2018-06-02T13:09:47","slug":"ankundigung-sommerabschlussubung-der-jugendfeuerwehr","status":"publish","type":"post","link":"https:\/\/www.feuerwehrkostheim.de\/?p=301","title":{"rendered":"Ank\u00fcndigung: Sommerabschluss\u00fcbung der Jugendfeuerwehr"},"content":{"rendered":"<p><img loading=\"lazy\" decoding=\"async\" style=\"margin: 5px 8px;\" src=\"http:\/\/www.feuerwehrkostheim.de\/ffk\/wp-content\/bilder\/jf\/jf_2005_klein.jpg\" alt=\"\" width=\"200\" height=\"118\" align=\"left\" hspace=\"5\" vspace=\"5\" \/>Wie schon im letzten Jahr, so wird auch in diesem Sommer der Beginn der gro\u00dfen Ferien und das Ende des ersten \u00dcbungshalbjahres mit einer Abschluss\u00fcbung abgerundet. Bei dieser \u00dcbung bekommen die Nachwuchsblaur\u00f6cke die Gelegenheit, Ihre erlernten F\u00e4higkeiten in die Tat umzusetzen. Hierbei wird entgegen dem &#8220;normalen&#8221; \u00dcbungsdienst ein realistisches Szenario nachgestellt bei dem das ganze K\u00f6nnen abgefragt werden kann.<\/p>\n<p>Wer Interesse hat, sich ein Bild \u00fcber den Leistungsstand der Kostheimer Jugendfeuerwehr zu machen, ist als Zuschauer recht herzlich eingeladen. In diesem Fall freuen wir uns sogar auf viele Schaulustige, die die \u00dcbung verfolgen wollen.<\/p>\n<p>Die \u00dcbung findet am <strong>Samstag, den 07.07.2007 um 16 Uhr im Siebenmorgenweg<\/strong> statt. Treffpunkt f\u00fcr alle &#8220;Schaulustigen&#8221; ist der Bereich der Hausnummer 50.<\/p>\n","protected":false},"excerpt":{"rendered":"<p>Wie schon im letzten Jahr, so wird auch in diesem Sommer der Beginn der gro\u00dfen Ferien und das Ende des ersten \u00dcbungshalbjahres mit einer Abschluss\u00fcbung abgerundet. Bei dieser \u00dcbung bekommen die Nachwuchsblaur\u00f6cke die Gelegenheit, Ihre erlernten F\u00e4higkeiten in die Tat umzusetzen. Hierbei wird entgegen dem &#8220;normalen&#8221; \u00dcbungsdienst ein realistisches Szenario nachgestellt bei dem das ganze [&hellip;]<\/p>\n","protected":false},"author":1,"featured_media":0,"comment_status":"closed","ping_status":"open","sticky":false,"template":"","format":"standard","meta":{"_et_pb_use_builder":"","_et_pb_old_content":"","_et_gb_content_width":"","_crdt_document":"","footnotes":""},"categories":[7,9],"tags":[27,105],"class_list":["post-301","post","type-post","status-publish","format-standard","hentry","category-jugendfeuerwehr","category-veranstaltungen","tag-sommerabschlussubung","tag-ubung"],"_links":{"self":[{"href":"https:\/\/www.feuerwehrkostheim.de\/index.php?rest_route=\/wp\/v2\/posts\/301","targetHints":{"allow":["GET"]}}],"collection":[{"href":"https:\/\/www.feuerwehrkostheim.de\/index.php?rest_route=\/wp\/v2\/posts"}],"about":[{"href":"https:\/\/www.feuerwehrkostheim.de\/index.php?rest_route=\/wp\/v2\/types\/post"}],"author":[{"embeddable":true,"href":"https:\/\/www.feuerwehrkostheim.de\/index.php?rest_route=\/wp\/v2\/users\/1"}],"replies":[{"embeddable":true,"href":"https:\/\/www.feuerwehrkostheim.de\/index.php?rest_route=%2Fwp%2Fv2%2Fcomments&post=301"}],"version-history":[{"count":0,"href":"https:\/\/www.feuerwehrkostheim.de\/index.php?rest_route=\/wp\/v2\/posts\/301\/revisions"}],"wp:attachment":[{"href":"https:\/\/www.feuerwehrkostheim.de\/index.php?rest_route=%2Fwp%2Fv2%2Fmedia&parent=301"}],"wp:term":[{"taxonomy":"category","embeddable":true,"href":"https:\/\/www.feuerwehrkostheim.de\/index.php?rest_route=%2Fwp%2Fv2%2Fcategories&post=301"},{"taxonomy":"post_tag","embeddable":true,"href":"https:\/\/www.feuerwehrkostheim.de\/index.php?rest_route=%2Fwp%2Fv2%2Ftags&post=301"}],"curies":[{"name":"wp","href":"https:\/\/api.w.org\/{rel}","templated":true}]}}