{"id":2925,"date":"2016-03-16T19:25:26","date_gmt":"2016-03-16T17:25:26","guid":{"rendered":"http:\/\/www.feuerwehrkostheim.de\/?p=2925"},"modified":"2018-06-02T14:04:44","modified_gmt":"2018-06-02T13:04:44","slug":"erneut-kleinbraende-festnahmen-durch-die-polizei","status":"publish","type":"post","link":"https:\/\/www.feuerwehrkostheim.de\/?p=2925","title":{"rendered":"Erneut Kleinbr\u00e4nde &#8211; Festnahmen durch die Polizei"},"content":{"rendered":"<p><img loading=\"lazy\" decoding=\"async\" class=\"alignleft\" title=\"Einsatz-Logo\" src=\"http:\/\/www.feuerwehrkostheim.de\/wp-content\/bilder\/sonstige\/logo_einsatz.jpg\" alt=\"Einsatz-Logo\" width=\"100\" height=\"100\" \/><strong>16. M\u00e4rz 2016 &#8211; 00:50 Uhr<\/strong><br \/>\n<strong>Steinern Stra\u00dfe \/ Im Sampel<\/strong><br \/>\nEinzelfahrzeugalarmierung<br \/>\nEinsatz 14 \/ 15 &#8211; 2016<\/p>\n<p>Nachdem schon seit dem letzten Wochenende mehrere Br\u00e4nde im Bereich der Kasteler Krautg\u00e4rten in Atem hielt, erreichten die Rettungsleitstelle in der Nacht auf Mittwoch Notrufe \u00fcber verschiedene Kleinbr\u00e4nde in der Stra\u00dfe \u201eIm Sampel\u201c und \u201eSteinern Stra\u00dfe\u201c. Neben dem Basis-L\u00f6schfahrzeug der Berufsfeuerwehr r\u00fcckten auch die zwei L\u00f6schfahrzeuge der FF Kostheim gegen kurz vor 1 Uhr aus. Da Anfangs nicht ersichtlich war, um wie viele Einsatzstellen es sich handele, teilte man die anr\u00fcckenden Einsatzkr\u00e4fte auf. Vorgefunden wurden brennende S\u00e4cke im Zufahrtsbereich einer Tiefgarage sowie ein in Flammen stehendes Dixiklo. Weitere Einsatzstellen konnten zum Gl\u00fcck nicht vorgefunden werden.<\/p>\n<p>Parallel zum Einsatz der Feuerwehr startete die ebenfalls anger\u00fcckte Polizei mit den Ermittlungsarbeiten. Durch Hinweise aus der Bev\u00f6lkerung konnte eine Gruppe aus 5 Jugendlichen im Alter zwischen 10 und 15 Jahren ermittelt werden. Erste Festnahmen fanden noch nach der Brandlegung in der Nacht statt. Diese Gruppe gilt als dringend tatverd\u00e4chtig, wobei schon ein Teil der Personen das Legen der Br\u00e4nde in j\u00fcngster Vergangenheit einr\u00e4umte. Ob die vorwiegend in Kastel, danach in Kostheim stattgefundene Brandserie damit aufgekl\u00e4rt ist, m\u00fcssen die weiteren Ermittlungen zeigen.<\/p>\n","protected":false},"excerpt":{"rendered":"<p>16. M\u00e4rz 2016 &#8211; 00:50 Uhr Steinern Stra\u00dfe \/ Im Sampel Einzelfahrzeugalarmierung Einsatz 14 \/ 15 &#8211; 2016 Nachdem schon seit dem letzten Wochenende mehrere Br\u00e4nde im Bereich der Kasteler Krautg\u00e4rten in Atem hielt, erreichten die Rettungsleitstelle in der Nacht auf Mittwoch Notrufe \u00fcber verschiedene Kleinbr\u00e4nde in der Stra\u00dfe \u201eIm Sampel\u201c und \u201eSteinern Stra\u00dfe\u201c. Neben [&hellip;]<\/p>\n","protected":false},"author":1,"featured_media":0,"comment_status":"closed","ping_status":"open","sticky":false,"template":"","format":"standard","meta":{"_et_pb_use_builder":"","_et_pb_old_content":"","_et_gb_content_width":"","_crdt_document":"","footnotes":""},"categories":[5],"tags":[858,200,534,562],"class_list":["post-2925","post","type-post","status-publish","format-standard","hentry","category-einsatze","tag-brandserie","tag-brandstiftung","tag-festnahme","tag-kleinbrand"],"_links":{"self":[{"href":"https:\/\/www.feuerwehrkostheim.de\/index.php?rest_route=\/wp\/v2\/posts\/2925","targetHints":{"allow":["GET"]}}],"collection":[{"href":"https:\/\/www.feuerwehrkostheim.de\/index.php?rest_route=\/wp\/v2\/posts"}],"about":[{"href":"https:\/\/www.feuerwehrkostheim.de\/index.php?rest_route=\/wp\/v2\/types\/post"}],"author":[{"embeddable":true,"href":"https:\/\/www.feuerwehrkostheim.de\/index.php?rest_route=\/wp\/v2\/users\/1"}],"replies":[{"embeddable":true,"href":"https:\/\/www.feuerwehrkostheim.de\/index.php?rest_route=%2Fwp%2Fv2%2Fcomments&post=2925"}],"version-history":[{"count":0,"href":"https:\/\/www.feuerwehrkostheim.de\/index.php?rest_route=\/wp\/v2\/posts\/2925\/revisions"}],"wp:attachment":[{"href":"https:\/\/www.feuerwehrkostheim.de\/index.php?rest_route=%2Fwp%2Fv2%2Fmedia&parent=2925"}],"wp:term":[{"taxonomy":"category","embeddable":true,"href":"https:\/\/www.feuerwehrkostheim.de\/index.php?rest_route=%2Fwp%2Fv2%2Fcategories&post=2925"},{"taxonomy":"post_tag","embeddable":true,"href":"https:\/\/www.feuerwehrkostheim.de\/index.php?rest_route=%2Fwp%2Fv2%2Ftags&post=2925"}],"curies":[{"name":"wp","href":"https:\/\/api.w.org\/{rel}","templated":true}]}}