{"id":2903,"date":"2016-02-11T19:41:40","date_gmt":"2016-02-11T17:41:40","guid":{"rendered":"http:\/\/www.feuerwehrkostheim.de\/?p=2903"},"modified":"2018-06-02T14:04:44","modified_gmt":"2018-06-02T13:04:44","slug":"jugendfeuerwehr-mit-guter-laune-beim-fastnachtsumzug","status":"publish","type":"post","link":"https:\/\/www.feuerwehrkostheim.de\/?p=2903","title":{"rendered":"Jugendfeuerwehr mit guter Laune beim Fastnachtsumzug"},"content":{"rendered":"<p><a title=\"Fastnachtsumzug 2016 - 06.02.16\" href=\"https:\/\/www.flickr.com\/photos\/ffkostheim\/albums\/72157664572066975\" target=\"_blank\" data-flickr-embed=\"true\"><img loading=\"lazy\" decoding=\"async\" class=\"alignleft\" src=\"https:\/\/farm2.staticflickr.com\/1541\/24334155223_fa2b65f10b_n.jpg\" alt=\"Fastnachtsumzug 2016 - 06.02.16\" width=\"320\" height=\"178\" \/><\/a><script src=\"\/\/embedr.flickr.com\/assets\/client-code.js\" async=\"\" charset=\"utf-8\"><\/script>(MM) Die alt bekannten Vorbereitungen begannen bereits am Dienstag vor Fastnacht. In nur drei Stunden wurde der Anh\u00e4nger von zahlreichen Helfern f\u00fcr die Teilnahme aufgebaut. Wie schwer es ist, f\u00fcr eine solche Aktion finanzielle oder materielle Unterst\u00fctzung zu bekommen, zeigte sich auch in diesem Jahr. Trotz vieler angeschriebener Firmen konnte die Jugendfeuerwehr nur von zwei Betrieben unterst\u00fctzt werden.<br \/>\n Davon nicht betr\u00fcbt, traf man sich am Fastnachtssamstag am Feuerwehrger\u00e4tehaus. Nach abschlie\u00dfendem Laden des Wurfmaterials, ging es zum Aufstellungsplatz nach Kastel. Bevor der Umzug startete, st\u00e4rkte man sich noch mit Weck, Worscht und &#8230; Limo.<\/p>\n<p><a title=\"Fastnachtsumzug 2016 - 06.02.16\" href=\"https:\/\/www.flickr.com\/photos\/ffkostheim\/albums\/72157664572066975\" target=\"_blank\" data-flickr-embed=\"true\"><img loading=\"lazy\" decoding=\"async\" class=\"alignright\" src=\"https:\/\/farm2.staticflickr.com\/1648\/24960992495_1f2d7f5daf_m.jpg\" alt=\"Fastnachtsumzug 2016 - 06.02.16\" width=\"240\" height=\"240\" \/><\/a><script src=\"\/\/embedr.flickr.com\/assets\/client-code.js\" async=\"\" charset=\"utf-8\"><\/script>Mit der Zugnummer 46 und dem Motto \u201eJF-Kostheim ist der Hit, bist du 10 mach einfach mit\u201c, anst\u00e4ndiger Fastnachtsmusik und gut gelaunt, setzte sich kurze Zeit sp\u00e4ter der Zug in Bewegung. Wenn man einmal am Fahren ist, bemerkt man gar nicht, wie schnell die Gaudi doch wieder vor\u00fcber ist. Mit nur ganz wenigen Resten erreichte man knapp zwei Stunden sp\u00e4ter das Zugende in der Kostheimer Wintersta\u00dfe.<br \/>\nZu guter Letzt bedankt sich die Jugendfeuerwehr bei den Helfern und Unterst\u00fctzern und freut sich auf die n\u00e4chste Kampagne.<\/p>\n","protected":false},"excerpt":{"rendered":"<p>(MM) Die alt bekannten Vorbereitungen begannen bereits am Dienstag vor Fastnacht. In nur drei Stunden wurde der Anh\u00e4nger von zahlreichen Helfern f\u00fcr die Teilnahme aufgebaut. Wie schwer es ist, f\u00fcr eine solche Aktion finanzielle oder materielle Unterst\u00fctzung zu bekommen, zeigte sich auch in diesem Jahr. Trotz vieler angeschriebener Firmen konnte die Jugendfeuerwehr nur von zwei [&hellip;]<\/p>\n","protected":false},"author":1,"featured_media":0,"comment_status":"closed","ping_status":"open","sticky":false,"template":"","format":"standard","meta":{"_et_pb_use_builder":"","_et_pb_old_content":"","_et_gb_content_width":"","_crdt_document":"","footnotes":""},"categories":[7,9],"tags":[190,857,188,189],"class_list":["post-2903","post","type-post","status-publish","format-standard","hentry","category-jugendfeuerwehr","category-veranstaltungen","tag-akk","tag-fastnachtsumzug","tag-rekrutenumzug","tag-umzug"],"_links":{"self":[{"href":"https:\/\/www.feuerwehrkostheim.de\/index.php?rest_route=\/wp\/v2\/posts\/2903","targetHints":{"allow":["GET"]}}],"collection":[{"href":"https:\/\/www.feuerwehrkostheim.de\/index.php?rest_route=\/wp\/v2\/posts"}],"about":[{"href":"https:\/\/www.feuerwehrkostheim.de\/index.php?rest_route=\/wp\/v2\/types\/post"}],"author":[{"embeddable":true,"href":"https:\/\/www.feuerwehrkostheim.de\/index.php?rest_route=\/wp\/v2\/users\/1"}],"replies":[{"embeddable":true,"href":"https:\/\/www.feuerwehrkostheim.de\/index.php?rest_route=%2Fwp%2Fv2%2Fcomments&post=2903"}],"version-history":[{"count":0,"href":"https:\/\/www.feuerwehrkostheim.de\/index.php?rest_route=\/wp\/v2\/posts\/2903\/revisions"}],"wp:attachment":[{"href":"https:\/\/www.feuerwehrkostheim.de\/index.php?rest_route=%2Fwp%2Fv2%2Fmedia&parent=2903"}],"wp:term":[{"taxonomy":"category","embeddable":true,"href":"https:\/\/www.feuerwehrkostheim.de\/index.php?rest_route=%2Fwp%2Fv2%2Fcategories&post=2903"},{"taxonomy":"post_tag","embeddable":true,"href":"https:\/\/www.feuerwehrkostheim.de\/index.php?rest_route=%2Fwp%2Fv2%2Ftags&post=2903"}],"curies":[{"name":"wp","href":"https:\/\/api.w.org\/{rel}","templated":true}]}}