{"id":2899,"date":"2016-02-05T21:04:08","date_gmt":"2016-02-05T19:04:08","guid":{"rendered":"http:\/\/www.feuerwehrkostheim.de\/?p=2899"},"modified":"2018-06-02T14:04:44","modified_gmt":"2018-06-02T13:04:44","slug":"rauchentwicklung-in-einem-it-raum","status":"publish","type":"post","link":"https:\/\/www.feuerwehrkostheim.de\/?p=2899","title":{"rendered":"Rauchentwicklung in einem IT-Raum"},"content":{"rendered":"<p><img loading=\"lazy\" decoding=\"async\" class=\"alignleft\" title=\"Einsatz-Logo\" src=\"http:\/\/www.feuerwehrkostheim.de\/wp-content\/bilder\/sonstige\/logo_einsatz.jpg\" alt=\"Einsatz-Logo\" width=\"100\" height=\"100\" \/><strong>05. Februar 2016 &#8211; 06:10 Uhr<\/strong><br \/>\n<strong>Gewerbegebiet Kastel<\/strong><br \/>\nFF-Einheit \/ Alarmgruppe mit FF-Kastel<br \/>\nEinsatz 09 &#8211; 2016<\/p>\n<p>Eine gemeldete Rauchentwicklung im Bereich eines IT-Raumes f\u00fchrte am Freitagmorgen zu einem Alarm der Kostheimer Feuerwehr. Zusammen mit den Kollegen aus Kastel sowie dem L\u00f6schzug der Wache 2 fuhr man die Einsatzstelle im Kasteler Gewerbegebiet an. Vor Ort wurde der betroffene Raum kontrolliert. Seitens der Kostheimer Wehr stellte man einen Sicherheitstrupp sowie einen Kohlendioxidl\u00f6scher in Bereitschaft. F\u00fcr die freiwilligen Wehren war der Einsatz nach einer halben Stunde beendet. Weitere Angaben zur Ursache der Rauchentwicklung sowie die durchgef\u00fchrten Ma\u00dfnahmen k\u00f6nnen an dieser Stelle nicht gemacht werden.<\/p>\n","protected":false},"excerpt":{"rendered":"<p>05. Februar 2016 &#8211; 06:10 Uhr Gewerbegebiet Kastel FF-Einheit \/ Alarmgruppe mit FF-Kastel Einsatz 09 &#8211; 2016 Eine gemeldete Rauchentwicklung im Bereich eines IT-Raumes f\u00fchrte am Freitagmorgen zu einem Alarm der Kostheimer Feuerwehr. Zusammen mit den Kollegen aus Kastel sowie dem L\u00f6schzug der Wache 2 fuhr man die Einsatzstelle im Kasteler Gewerbegebiet an. Vor Ort [&hellip;]<\/p>\n","protected":false},"author":1,"featured_media":0,"comment_status":"closed","ping_status":"open","sticky":false,"template":"","format":"standard","meta":{"_et_pb_use_builder":"","_et_pb_old_content":"","_et_gb_content_width":"","_crdt_document":"","footnotes":""},"categories":[5],"tags":[110,856,111],"class_list":["post-2899","post","type-post","status-publish","format-standard","hentry","category-einsatze","tag-alarmgruppe","tag-it","tag-rauchentwicklung"],"_links":{"self":[{"href":"https:\/\/www.feuerwehrkostheim.de\/index.php?rest_route=\/wp\/v2\/posts\/2899","targetHints":{"allow":["GET"]}}],"collection":[{"href":"https:\/\/www.feuerwehrkostheim.de\/index.php?rest_route=\/wp\/v2\/posts"}],"about":[{"href":"https:\/\/www.feuerwehrkostheim.de\/index.php?rest_route=\/wp\/v2\/types\/post"}],"author":[{"embeddable":true,"href":"https:\/\/www.feuerwehrkostheim.de\/index.php?rest_route=\/wp\/v2\/users\/1"}],"replies":[{"embeddable":true,"href":"https:\/\/www.feuerwehrkostheim.de\/index.php?rest_route=%2Fwp%2Fv2%2Fcomments&post=2899"}],"version-history":[{"count":0,"href":"https:\/\/www.feuerwehrkostheim.de\/index.php?rest_route=\/wp\/v2\/posts\/2899\/revisions"}],"wp:attachment":[{"href":"https:\/\/www.feuerwehrkostheim.de\/index.php?rest_route=%2Fwp%2Fv2%2Fmedia&parent=2899"}],"wp:term":[{"taxonomy":"category","embeddable":true,"href":"https:\/\/www.feuerwehrkostheim.de\/index.php?rest_route=%2Fwp%2Fv2%2Fcategories&post=2899"},{"taxonomy":"post_tag","embeddable":true,"href":"https:\/\/www.feuerwehrkostheim.de\/index.php?rest_route=%2Fwp%2Fv2%2Ftags&post=2899"}],"curies":[{"name":"wp","href":"https:\/\/api.w.org\/{rel}","templated":true}]}}