{"id":2880,"date":"2016-01-15T20:47:16","date_gmt":"2016-01-15T18:47:16","guid":{"rendered":"http:\/\/www.feuerwehrkostheim.de\/?p=2880"},"modified":"2018-06-02T14:04:45","modified_gmt":"2018-06-02T13:04:45","slug":"ausgediente-weihnachtsbaeume-wieder-eingesammelt","status":"publish","type":"post","link":"https:\/\/www.feuerwehrkostheim.de\/?p=2880","title":{"rendered":"Ausgediente Weihnachtsb\u00e4ume wieder eingesammelt"},"content":{"rendered":"<p><a title=\"Weihnachtsbaumsammlung 2016 - 09.01.16\" href=\"https:\/\/www.flickr.com\/photos\/ffkostheim\/albums\/72157661234799754\" target=\"_blank\" data-flickr-embed=\"true\"><img loading=\"lazy\" decoding=\"async\" class=\"alignleft\" src=\"https:\/\/farm2.staticflickr.com\/1555\/24291397052_16e93f5f48.jpg\" alt=\"Weihnachtsbaumsammlung 2016 - 09.01.16\" width=\"433\" height=\"187\" \/><\/a><script src=\"\/\/embedr.flickr.com\/assets\/client-code.js\" async=\"\" charset=\"utf-8\"><\/script>Am zweiten Samstag im Januar sammelte die Jugendfeuerwehr Kostheim in Verbindung mit einem Presswagen der ELW wieder die ausgedienten Weihnachtsb\u00e4ume der Kostheimer B\u00fcrger vor deren Haust\u00fcr ein. Wie in den Jahren zuvor, wurden mit zwei Traktoren die Stra\u00dfen von Kostheim abgefahren. Als die Anh\u00e4nger der Traktoren voll waren, traf man sich am ehemaligen Kl\u00e4rwerk mit den Mitarbeiten der ELW um den Anh\u00e4nger f\u00fcr die n\u00e4chste Tour zu leeren.<\/p>\n<p><!--more--><a title=\"Weihnachtsbaumsammlung 2016 - 09.01.16\" href=\"https:\/\/www.flickr.com\/photos\/ffkostheim\/albums\/72157661234799754\" target=\"_blank\" data-flickr-embed=\"true\"><img loading=\"lazy\" decoding=\"async\" class=\"alignright\" src=\"https:\/\/farm2.staticflickr.com\/1600\/23771436694_9a1dffa66d_n.jpg\" alt=\"Weihnachtsbaumsammlung 2016 - 09.01.16\" width=\"320\" height=\"180\" \/><\/a><script src=\"\/\/embedr.flickr.com\/assets\/client-code.js\" async=\"\" charset=\"utf-8\"><\/script>Um die Mittagszeit nahm man eine St\u00e4rkung in Form einer Gulaschsuppe zu sich. Anschlie\u00dfend machte man sich wieder auf den Weg die verbliebenen Stra\u00dfen abzufahren. Auch die im November von der Einsatzabteilung aufgestellten Tannenb\u00e4ume am Kostheimer B\u00fcrgerhaus sowie am Weinstand, wurden wieder umgelegt, zerkleinert und der Entsorgung zugef\u00fchrt.<\/p>\n<p>Bei dem Befahren der Stra\u00dfen mit den gro\u00dfen Traktoren, fiel im ganzen Ortsgebiet erneut die schlechte Parkmoral verschiedener Fahrzeughalter auf. H\u00e4tte es in diesen Stra\u00dfen einen Einsatz f\u00fcr Rettungskr\u00e4fte gegeben, w\u00e4ren sie nur mit einer erheblichen Zeitverz\u00f6gerung oder gar nicht an ihr Ziel gekommen.<\/p>\n<p style=\"text-align: left;\">Die Jugendfeuerwehr Kostheim bedankt sich bei der Firma \u201eDie-Rasenpartner\u201c und Ortslandwirt H\u00fcbner aus Ginsheim f\u00fcr das zur Verf\u00fcgung stellen der Traktoren und Anh\u00e4nger, sowie dem Team der ELW mit ihrem Presswagen. Ein Dank geht auch an die Kostheimer B\u00fcrger, die mit einer Spende unsere Nachwuchsabteilung unterst\u00fctzt haben.<\/p>\n","protected":false},"excerpt":{"rendered":"<p>Am zweiten Samstag im Januar sammelte die Jugendfeuerwehr Kostheim in Verbindung mit einem Presswagen der ELW wieder die ausgedienten Weihnachtsb\u00e4ume der Kostheimer B\u00fcrger vor deren Haust\u00fcr ein. Wie in den Jahren zuvor, wurden mit zwei Traktoren die Stra\u00dfen von Kostheim abgefahren. Als die Anh\u00e4nger der Traktoren voll waren, traf man sich am ehemaligen Kl\u00e4rwerk mit [&hellip;]<\/p>\n","protected":false},"author":1,"featured_media":0,"comment_status":"closed","ping_status":"open","sticky":false,"template":"","format":"standard","meta":{"_et_pb_use_builder":"","_et_pb_old_content":"","_et_gb_content_width":"","_crdt_document":"","footnotes":""},"categories":[7],"tags":[855,55,276],"class_list":["post-2880","post","type-post","status-publish","format-standard","hentry","category-jugendfeuerwehr","tag-elw","tag-sammlung","tag-weihnachtsbaum"],"_links":{"self":[{"href":"https:\/\/www.feuerwehrkostheim.de\/index.php?rest_route=\/wp\/v2\/posts\/2880","targetHints":{"allow":["GET"]}}],"collection":[{"href":"https:\/\/www.feuerwehrkostheim.de\/index.php?rest_route=\/wp\/v2\/posts"}],"about":[{"href":"https:\/\/www.feuerwehrkostheim.de\/index.php?rest_route=\/wp\/v2\/types\/post"}],"author":[{"embeddable":true,"href":"https:\/\/www.feuerwehrkostheim.de\/index.php?rest_route=\/wp\/v2\/users\/1"}],"replies":[{"embeddable":true,"href":"https:\/\/www.feuerwehrkostheim.de\/index.php?rest_route=%2Fwp%2Fv2%2Fcomments&post=2880"}],"version-history":[{"count":0,"href":"https:\/\/www.feuerwehrkostheim.de\/index.php?rest_route=\/wp\/v2\/posts\/2880\/revisions"}],"wp:attachment":[{"href":"https:\/\/www.feuerwehrkostheim.de\/index.php?rest_route=%2Fwp%2Fv2%2Fmedia&parent=2880"}],"wp:term":[{"taxonomy":"category","embeddable":true,"href":"https:\/\/www.feuerwehrkostheim.de\/index.php?rest_route=%2Fwp%2Fv2%2Fcategories&post=2880"},{"taxonomy":"post_tag","embeddable":true,"href":"https:\/\/www.feuerwehrkostheim.de\/index.php?rest_route=%2Fwp%2Fv2%2Ftags&post=2880"}],"curies":[{"name":"wp","href":"https:\/\/api.w.org\/{rel}","templated":true}]}}