{"id":285,"date":"2007-05-31T14:08:59","date_gmt":"2007-05-31T14:08:59","guid":{"rendered":"http:\/\/www.feuerwehrkostheim.de\/ffk\/?p=285"},"modified":"2018-06-02T14:09:47","modified_gmt":"2018-06-02T13:09:47","slug":"unwetter-uber-wiesbaden","status":"publish","type":"post","link":"https:\/\/www.feuerwehrkostheim.de\/?p=285","title":{"rendered":"Unwetter \u00fcber Wiesbaden"},"content":{"rendered":"<p><a title=\"Unwetter \u00fcber Wiesbaden - 26.05.2007\" href=\"http:\/\/www.flickr.com\/photos\/8614059@N08\/sets\/72157600278588330\/\" target=\"_blank\"><img loading=\"lazy\" decoding=\"async\" style=\"margin: 5px 8px;\" title=\"Unwetter \u00fcber Wiesbaden - 26.05.07\" src=\"http:\/\/farm1.static.flickr.com\/193\/518497888_f15e297817_m.jpg\" alt=\"Unwetter \u00fcber Wiesbaden - 26.05.07\" width=\"240\" height=\"180\" align=\"left\" hspace=\"5\" \/><\/a>Als sich letzten Samstagabend (26. Mai 07) der Himmel \u00fcber Wiesbaden verdunkelte, ahnten viele nichts Gutes. Denn es war keine normale Wolkenfront die aufzog, vielmehr erinnerte das Wolkengebilde zum Teil an den Film Independence Day oder an die schlimmen Tornadobilder aus den USA.<br \/>\n<!--more--><br \/>\nEs war wirklich erstaunlich mit anzusehen, wie sich eine fast runde, mehrere Kilometer breite Wolkenfront den Weg aus s\u00fcdwestlicher Richtung auf Wiesbaden zu bahnte. Am Rande der Front war eine deutliche Rotation erkennbar gewesen und zusammen mit den Wolken nahm die Windst\u00e4rke stetig zu. Was man zus\u00e4tzlich erkennen konnte, waren diverse L\u00f6scher in der Wolkendecke um welche die Rotation stattfand. In diesen Bereichen war die Aufwirbelung von Staub (z.B. von Sportpl\u00e4tzen) am heftigsten und man konnte den fast blauen Himmel darin erkennen.<\/p>\n<p><a title=\"Unwetter \u00fcber Wiesbaden - 26.05.2007\" href=\"http:\/\/www.flickr.com\/photos\/8614059@N08\/sets\/72157600278588330\/\" target=\"_blank\"><img loading=\"lazy\" decoding=\"async\" title=\"Unwetter \u00fcber Wiesbaden - 26.05.07\" src=\"http:\/\/farm1.static.flickr.com\/248\/518597261_9071d806a9_m.jpg\" alt=\"Unwetter \u00fcber Wiesbaden - 26.05.07\" width=\"240\" height=\"180\" align=\"right\" hspace=\"5\" \/><\/a>Was dann kam, war zwar heftig, aber auch wieder relativ schnell vor\u00fcber. Viele Blitze, Starkregen und Sturmb\u00f6en zogen quer \u00fcber die Stadt. Aus Sicht der Feuerwehr verlief das Unwetter aber eher ruhig. Trotz der St\u00e4rke der Unwetterfront, waren nur wenige, kleinere Eins\u00e4tze zu verzeichnen gewesen. Bezogen auf diesen Vergleich hat Wiesbaden in den vergangenen Jahren schon wesentlich schlimmeres erlebt.<\/p>\n","protected":false},"excerpt":{"rendered":"<p>Als sich letzten Samstagabend (26. Mai 07) der Himmel \u00fcber Wiesbaden verdunkelte, ahnten viele nichts Gutes. Denn es war keine normale Wolkenfront die aufzog, vielmehr erinnerte das Wolkengebilde zum Teil an den Film Independence Day oder an die schlimmen Tornadobilder aus den USA.<\/p>\n","protected":false},"author":1,"featured_media":0,"comment_status":"closed","ping_status":"open","sticky":false,"template":"","format":"standard","meta":{"_et_pb_use_builder":"","_et_pb_old_content":"","_et_gb_content_width":"","_crdt_document":"","footnotes":""},"categories":[1],"tags":[89,90],"class_list":["post-285","post","type-post","status-publish","format-standard","hentry","category-allgemein","tag-unwetter","tag-wolke"],"_links":{"self":[{"href":"https:\/\/www.feuerwehrkostheim.de\/index.php?rest_route=\/wp\/v2\/posts\/285","targetHints":{"allow":["GET"]}}],"collection":[{"href":"https:\/\/www.feuerwehrkostheim.de\/index.php?rest_route=\/wp\/v2\/posts"}],"about":[{"href":"https:\/\/www.feuerwehrkostheim.de\/index.php?rest_route=\/wp\/v2\/types\/post"}],"author":[{"embeddable":true,"href":"https:\/\/www.feuerwehrkostheim.de\/index.php?rest_route=\/wp\/v2\/users\/1"}],"replies":[{"embeddable":true,"href":"https:\/\/www.feuerwehrkostheim.de\/index.php?rest_route=%2Fwp%2Fv2%2Fcomments&post=285"}],"version-history":[{"count":0,"href":"https:\/\/www.feuerwehrkostheim.de\/index.php?rest_route=\/wp\/v2\/posts\/285\/revisions"}],"wp:attachment":[{"href":"https:\/\/www.feuerwehrkostheim.de\/index.php?rest_route=%2Fwp%2Fv2%2Fmedia&parent=285"}],"wp:term":[{"taxonomy":"category","embeddable":true,"href":"https:\/\/www.feuerwehrkostheim.de\/index.php?rest_route=%2Fwp%2Fv2%2Fcategories&post=285"},{"taxonomy":"post_tag","embeddable":true,"href":"https:\/\/www.feuerwehrkostheim.de\/index.php?rest_route=%2Fwp%2Fv2%2Ftags&post=285"}],"curies":[{"name":"wp","href":"https:\/\/api.w.org\/{rel}","templated":true}]}}