{"id":2845,"date":"2015-12-31T23:55:13","date_gmt":"2015-12-31T21:55:13","guid":{"rendered":"http:\/\/www.feuerwehrkostheim.de\/?p=2845"},"modified":"2018-06-02T14:04:45","modified_gmt":"2018-06-02T13:04:45","slug":"pkw-brand-kurz-vor-mitternacht-jahreswechsel-an-der-einsatzstelle","status":"publish","type":"post","link":"https:\/\/www.feuerwehrkostheim.de\/?p=2845","title":{"rendered":"PKW Brand kurz vor Mitternacht &#8211; Jahreswechsel an der Einsatzstelle"},"content":{"rendered":"<p><img loading=\"lazy\" decoding=\"async\" class=\"alignleft\" title=\"Einsatz-Logo\" src=\"http:\/\/www.feuerwehrkostheim.de\/wp-content\/bilder\/sonstige\/logo_einsatz.jpg\" alt=\"Einsatz-Logo\" width=\"100\" height=\"100\" \/><strong>31. Dezember 2015 &#8211; 23:17 Uhr<\/strong><br \/>\n<strong>Bischofsheimer Stra\u00dfe <\/strong><br \/>\nEinzelfahrzeugalarmierung<br \/>\nEinsatz 98 &#8211; 2015<\/p>\n<p><a title=\"PKW-Brand zum Jahreswechsel - 31.12.15\" href=\"https:\/\/www.flickr.com\/photos\/ffkostheim\/24080360116\/in\/album-72157662342618719\/\" data-flickr-embed=\"true\"><img loading=\"lazy\" decoding=\"async\" class=\"alignright\" src=\"https:\/\/farm6.staticflickr.com\/5741\/24080360116_7c9d0caec1_n.jpg\" alt=\"PKW-Brand zum Jahreswechsel - 31.12.15\" width=\"320\" height=\"180\" \/><\/a><script src=\"\/\/embedr.flickr.com\/assets\/client-code.js\" async=\"\" charset=\"utf-8\"><\/script>Zum letzten Einsatz im Jahr 2015 musste die Kostheimer Wehr kurz vor Jahreswechsel zu einem Fahrzeug-Brand in die Siedlung ausr\u00fccken. Als man vor Ort ankam, brannte ein zum Parken abgestellter PKW. Ein Trupp unter Atemschutz l\u00f6schte das Feuer unter Vornahme eines Strahlrohres. Da ein erneutes in Brand geraten von Teilen des Fahrzeugs in der Silvesternacht vermeiden wollte, setzte man Schaummittel ein, um den Motor- und Innenraum des Kraftwagens zu fluten. Die ebenfalls nach Kostheim beorderten Kollegen der Berufsfeuerwehr mussten nicht unterst\u00fctzend t\u00e4tig werden und standen sogleich wieder weiteren Eins\u00e4tzen zur Verf\u00fcgung.<\/p>\n<p>Das neue Jahr begr\u00fc\u00dften die ausger\u00fcckten Kameraden noch an der Einsatzstelle, kurz vor dem Ende dieses Einsatzes. Doch viel Zeit, ausgiebig ins neue Jahr zu feiern blieb nicht, da man noch bevor das L\u00f6schfahrzeug wieder mit frischem Material best\u00fcckt werden konnte, zu einer brennenden M\u00fclltonne weiter geschickt wurde.<\/p>\n","protected":false},"excerpt":{"rendered":"<p>31. Dezember 2015 &#8211; 23:17 Uhr Bischofsheimer Stra\u00dfe Einzelfahrzeugalarmierung Einsatz 98 &#8211; 2015 Zum letzten Einsatz im Jahr 2015 musste die Kostheimer Wehr kurz vor Jahreswechsel zu einem Fahrzeug-Brand in die Siedlung ausr\u00fccken. Als man vor Ort ankam, brannte ein zum Parken abgestellter PKW. Ein Trupp unter Atemschutz l\u00f6schte das Feuer unter Vornahme eines Strahlrohres. [&hellip;]<\/p>\n","protected":false},"author":1,"featured_media":0,"comment_status":"closed","ping_status":"open","sticky":false,"template":"","format":"standard","meta":{"_et_pb_use_builder":"","_et_pb_old_content":"","_et_gb_content_width":"","_crdt_document":"","footnotes":""},"categories":[5],"tags":[50,849,31,422,315,850,47],"class_list":["post-2845","post","type-post","status-publish","format-standard","hentry","category-einsatze","tag-brand","tag-fahrzeugbrand","tag-feuer","tag-pkw","tag-schaum","tag-schaummittel","tag-silvester"],"_links":{"self":[{"href":"https:\/\/www.feuerwehrkostheim.de\/index.php?rest_route=\/wp\/v2\/posts\/2845","targetHints":{"allow":["GET"]}}],"collection":[{"href":"https:\/\/www.feuerwehrkostheim.de\/index.php?rest_route=\/wp\/v2\/posts"}],"about":[{"href":"https:\/\/www.feuerwehrkostheim.de\/index.php?rest_route=\/wp\/v2\/types\/post"}],"author":[{"embeddable":true,"href":"https:\/\/www.feuerwehrkostheim.de\/index.php?rest_route=\/wp\/v2\/users\/1"}],"replies":[{"embeddable":true,"href":"https:\/\/www.feuerwehrkostheim.de\/index.php?rest_route=%2Fwp%2Fv2%2Fcomments&post=2845"}],"version-history":[{"count":0,"href":"https:\/\/www.feuerwehrkostheim.de\/index.php?rest_route=\/wp\/v2\/posts\/2845\/revisions"}],"wp:attachment":[{"href":"https:\/\/www.feuerwehrkostheim.de\/index.php?rest_route=%2Fwp%2Fv2%2Fmedia&parent=2845"}],"wp:term":[{"taxonomy":"category","embeddable":true,"href":"https:\/\/www.feuerwehrkostheim.de\/index.php?rest_route=%2Fwp%2Fv2%2Fcategories&post=2845"},{"taxonomy":"post_tag","embeddable":true,"href":"https:\/\/www.feuerwehrkostheim.de\/index.php?rest_route=%2Fwp%2Fv2%2Ftags&post=2845"}],"curies":[{"name":"wp","href":"https:\/\/api.w.org\/{rel}","templated":true}]}}