{"id":2786,"date":"2015-12-16T17:42:28","date_gmt":"2015-12-16T15:42:28","guid":{"rendered":"http:\/\/www.feuerwehrkostheim.de\/?p=2786"},"modified":"2018-06-02T14:04:46","modified_gmt":"2018-06-02T13:04:46","slug":"altkleidercontainer-geht-in-flammen-auf","status":"publish","type":"post","link":"https:\/\/www.feuerwehrkostheim.de\/?p=2786","title":{"rendered":"Altkleidercontainer geht in Flammen auf"},"content":{"rendered":"<p><img loading=\"lazy\" decoding=\"async\" class=\"alignleft\" title=\"Einsatz-Logo\" src=\"http:\/\/www.feuerwehrkostheim.de\/wp-content\/bilder\/sonstige\/logo_einsatz.jpg\" alt=\"Einsatz-Logo\" width=\"100\" height=\"100\" \/><strong>16. Dezember 2015 &#8211; 15:57 Uhr<\/strong><br \/>\n<strong>Siebenmorgenweg<\/strong><br \/>\nEinzelfahrzeugalarmierung<br \/>\nEinsatz 93 &#8211; 2015<\/p>\n<p><a href=\"http:\/\/www.feuerwehrkostheim.de\/wp-content\/uploads\/2015\/12\/IMG-20151216-WA0006.jpg\" rel=\"attachment wp-att-2788\"><img loading=\"lazy\" decoding=\"async\" class=\"size-medium wp-image-2788 alignright\" src=\"http:\/\/www.feuerwehrkostheim.de\/wp-content\/uploads\/2015\/12\/IMG-20151216-WA0006-200x300.jpg\" alt=\"2015-12-17_altkleidercontainer\" width=\"200\" height=\"300\" srcset=\"https:\/\/www.feuerwehrkostheim.de\/wp-content\/uploads\/2015\/12\/IMG-20151216-WA0006-200x300.jpg 200w, https:\/\/www.feuerwehrkostheim.de\/wp-content\/uploads\/2015\/12\/IMG-20151216-WA0006-684x1024.jpg 684w, https:\/\/www.feuerwehrkostheim.de\/wp-content\/uploads\/2015\/12\/IMG-20151216-WA0006.jpg 747w\" sizes=\"(max-width: 200px) 100vw, 200px\" \/> <\/a> Da die Berufsfeuerwehr der Wache 2 am Dinestagnachmittag bei einem Wasserschaden in Biebrich gebunden war, wurde die Feuerwehr Kostheim zusammen mit dem Basis-LF der Wache 3 in den Siebenmorgenweg alarmiert. Dort gemeldet war ein brennender Altkleidercontainer. Nach dem Eintreffen vor Ort konnte dies best\u00e4tigt werden, man wartete aber mit dem \u00d6ffnen des Containers bis zum Eintreffen der Kollegen der Berufsfeuerwehr. Sie haben in der Regel einen Schl\u00fcssel, der jedoch hier nicht passte. Deswegen musste die T\u00fcr gewaltsam ge\u00f6ffnet werden. Die eingeworfenen Kleidungsst\u00fccke zog man heruas und l\u00f6schte diese mit einem Strahlrohr ab. Der Einsatz war nach einer Stunde beendet.<\/p>\n","protected":false},"excerpt":{"rendered":"<p>16. Dezember 2015 &#8211; 15:57 Uhr Siebenmorgenweg Einzelfahrzeugalarmierung Einsatz 93 &#8211; 2015 Da die Berufsfeuerwehr der Wache 2 am Dinestagnachmittag bei einem Wasserschaden in Biebrich gebunden war, wurde die Feuerwehr Kostheim zusammen mit dem Basis-LF der Wache 3 in den Siebenmorgenweg alarmiert. Dort gemeldet war ein brennender Altkleidercontainer. Nach dem Eintreffen vor Ort konnte dies [&hellip;]<\/p>\n","protected":false},"author":1,"featured_media":0,"comment_status":"closed","ping_status":"open","sticky":false,"template":"","format":"standard","meta":{"_et_pb_use_builder":"","_et_pb_old_content":"","_et_gb_content_width":"","_crdt_document":"","footnotes":""},"categories":[5],"tags":[482,483,31],"class_list":["post-2786","post","type-post","status-publish","format-standard","hentry","category-einsatze","tag-altkleider","tag-container","tag-feuer"],"_links":{"self":[{"href":"https:\/\/www.feuerwehrkostheim.de\/index.php?rest_route=\/wp\/v2\/posts\/2786","targetHints":{"allow":["GET"]}}],"collection":[{"href":"https:\/\/www.feuerwehrkostheim.de\/index.php?rest_route=\/wp\/v2\/posts"}],"about":[{"href":"https:\/\/www.feuerwehrkostheim.de\/index.php?rest_route=\/wp\/v2\/types\/post"}],"author":[{"embeddable":true,"href":"https:\/\/www.feuerwehrkostheim.de\/index.php?rest_route=\/wp\/v2\/users\/1"}],"replies":[{"embeddable":true,"href":"https:\/\/www.feuerwehrkostheim.de\/index.php?rest_route=%2Fwp%2Fv2%2Fcomments&post=2786"}],"version-history":[{"count":0,"href":"https:\/\/www.feuerwehrkostheim.de\/index.php?rest_route=\/wp\/v2\/posts\/2786\/revisions"}],"wp:attachment":[{"href":"https:\/\/www.feuerwehrkostheim.de\/index.php?rest_route=%2Fwp%2Fv2%2Fmedia&parent=2786"}],"wp:term":[{"taxonomy":"category","embeddable":true,"href":"https:\/\/www.feuerwehrkostheim.de\/index.php?rest_route=%2Fwp%2Fv2%2Fcategories&post=2786"},{"taxonomy":"post_tag","embeddable":true,"href":"https:\/\/www.feuerwehrkostheim.de\/index.php?rest_route=%2Fwp%2Fv2%2Ftags&post=2786"}],"curies":[{"name":"wp","href":"https:\/\/api.w.org\/{rel}","templated":true}]}}