{"id":2778,"date":"2015-12-11T18:00:22","date_gmt":"2015-12-11T16:00:22","guid":{"rendered":"http:\/\/www.feuerwehrkostheim.de\/?p=2778"},"modified":"2018-06-02T14:05:08","modified_gmt":"2018-06-02T13:05:08","slug":"selbst-geschusterte-huette-geht-in-flammen-auf","status":"publish","type":"post","link":"https:\/\/www.feuerwehrkostheim.de\/?p=2778","title":{"rendered":"Selbst geschusterte H\u00fctte geht in Flammen auf"},"content":{"rendered":"<p><img loading=\"lazy\" decoding=\"async\" class=\"alignleft\" title=\"Einsatz-Logo\" src=\"http:\/\/www.feuerwehrkostheim.de\/wp-content\/bilder\/sonstige\/logo_einsatz.jpg\" alt=\"Einsatz-Logo\" width=\"100\" height=\"100\" \/><strong>10. Dezember 2015 &#8211; 22:56 Uhr<\/strong><br \/>\n<strong>Bereich Bahhof Kastel<\/strong><br \/>\nFF-Einheit<br \/>\nEinsatz 92 &#8211; 2015<\/p>\n<p>Mehrere Notrufe meldeten am sp\u00e4ten Donnerstagabend einen Feuerschein sowie Rauchentwicklung im Beriech zwischen Netto-Markt und dem Kasteler Bahnhof. Aufgrund der ersten Meldungen, setzte die Rettungsleitstelle prim\u00e4r das Basis-L\u00f6schfahrzeug der Wache 2 in Marsch. Da das Feuer nicht auf Anhieb lokalisiert werden konnte und nicht auszuschlie\u00dfen war, dass es sich sogar auf der Maaraue befindet, wurde zus\u00e4tzlich die Kostheimer Wehr alarmiert. W\u00e4hrend die Kameraden auf der Anfahrt auf die Maininsel waren, konnte von den Kollegen der Berufsfeuerwehr das Feuer ausfindig gemacht werden. Es brannte in der Verl\u00e4ngerung des Kasteler Bahnhofes eine scheinbar selbst zusammengeschusterte H\u00fctte, die scheinbar von Jugendlichen als Treffpunkt genutzt wurde. Die Fahrzeuge der Feuerwehr Kostheim drehten ab, fuhren die nun bekannte Einsatzstelle hinter den Gleisen in Kastel an und blieben in Bereitschaft. Da von dem Objekt nicht mehr viel \u00fcbrig blieb, beschr\u00e4nkte sich die Arbeit der Feuerwehr auf Nachl\u00f6scharbeiten. Die Kameraden aus Kostheim mussten nicht mehr t\u00e4tig werden.<\/p>\n","protected":false},"excerpt":{"rendered":"<p>10. Dezember 2015 &#8211; 22:56 Uhr Bereich Bahhof Kastel FF-Einheit Einsatz 92 &#8211; 2015 Mehrere Notrufe meldeten am sp\u00e4ten Donnerstagabend einen Feuerschein sowie Rauchentwicklung im Beriech zwischen Netto-Markt und dem Kasteler Bahnhof. Aufgrund der ersten Meldungen, setzte die Rettungsleitstelle prim\u00e4r das Basis-L\u00f6schfahrzeug der Wache 2 in Marsch. Da das Feuer nicht auf Anhieb lokalisiert werden [&hellip;]<\/p>\n","protected":false},"author":1,"featured_media":0,"comment_status":"closed","ping_status":"open","sticky":false,"template":"","format":"standard","meta":{"_et_pb_use_builder":"","_et_pb_old_content":"","_et_gb_content_width":"","_crdt_document":"","footnotes":""},"categories":[5],"tags":[31,60,222,232],"class_list":["post-2778","post","type-post","status-publish","format-standard","hentry","category-einsatze","tag-feuer","tag-gartenhutte","tag-kastel","tag-suche"],"_links":{"self":[{"href":"https:\/\/www.feuerwehrkostheim.de\/index.php?rest_route=\/wp\/v2\/posts\/2778","targetHints":{"allow":["GET"]}}],"collection":[{"href":"https:\/\/www.feuerwehrkostheim.de\/index.php?rest_route=\/wp\/v2\/posts"}],"about":[{"href":"https:\/\/www.feuerwehrkostheim.de\/index.php?rest_route=\/wp\/v2\/types\/post"}],"author":[{"embeddable":true,"href":"https:\/\/www.feuerwehrkostheim.de\/index.php?rest_route=\/wp\/v2\/users\/1"}],"replies":[{"embeddable":true,"href":"https:\/\/www.feuerwehrkostheim.de\/index.php?rest_route=%2Fwp%2Fv2%2Fcomments&post=2778"}],"version-history":[{"count":0,"href":"https:\/\/www.feuerwehrkostheim.de\/index.php?rest_route=\/wp\/v2\/posts\/2778\/revisions"}],"wp:attachment":[{"href":"https:\/\/www.feuerwehrkostheim.de\/index.php?rest_route=%2Fwp%2Fv2%2Fmedia&parent=2778"}],"wp:term":[{"taxonomy":"category","embeddable":true,"href":"https:\/\/www.feuerwehrkostheim.de\/index.php?rest_route=%2Fwp%2Fv2%2Fcategories&post=2778"},{"taxonomy":"post_tag","embeddable":true,"href":"https:\/\/www.feuerwehrkostheim.de\/index.php?rest_route=%2Fwp%2Fv2%2Ftags&post=2778"}],"curies":[{"name":"wp","href":"https:\/\/api.w.org\/{rel}","templated":true}]}}