{"id":2769,"date":"2015-12-12T17:42:01","date_gmt":"2015-12-12T15:42:01","guid":{"rendered":"http:\/\/www.feuerwehrkostheim.de\/?p=2769"},"modified":"2019-12-15T11:12:54","modified_gmt":"2019-12-15T10:12:54","slug":"jubilarenabend-mit-zahlreichen-ehrungen-und-befoerderungen","status":"publish","type":"post","link":"https:\/\/www.feuerwehrkostheim.de\/?p=2769","title":{"rendered":"Jubilarenabend mit zahlreichen Ehrungen und Bef\u00f6rderungen"},"content":{"rendered":"<p><a href=\"http:\/\/www.feuerwehrkostheim.de\/wp-content\/uploads\/2015\/12\/Bef\u00f6rderungen.jpg\" target=\"_blank\" rel=\"attachment noopener wp-att-2781 noreferrer\"><img loading=\"lazy\" decoding=\"async\" class=\"alignleft size-medium wp-image-2781\" src=\"http:\/\/www.feuerwehrkostheim.de\/wp-content\/uploads\/2015\/12\/Bef\u00f6rderungen-300x135.jpg\" alt=\"Bef\u00f6rderungen\" width=\"300\" height=\"135\" srcset=\"https:\/\/www.feuerwehrkostheim.de\/wp-content\/uploads\/2015\/12\/Bef\u00f6rderungen-300x135.jpg 300w, https:\/\/www.feuerwehrkostheim.de\/wp-content\/uploads\/2015\/12\/Bef\u00f6rderungen-768x346.jpg 768w, https:\/\/www.feuerwehrkostheim.de\/wp-content\/uploads\/2015\/12\/Bef\u00f6rderungen-1024x462.jpg 1024w\" sizes=\"(max-width: 300px) 100vw, 300px\" \/><\/a>Am letzten Novembersamstag veranstaltete die Kostheimer Feuerwehr ihren traditionell im Zweijahresrhytmus stattfindenden Jubilarenabend. Neben der Auszeichnung langj\u00e4hriger Vereinsmitglieder durch den Wehrf\u00fchrer und Vereinsvorsitzenden Torsten Krimmel, nahm der Leiter der Berufsfeuerwehr Harald M\u00fcller gemeinsam mit dem Stadtbrandinspektor Thomas Stein die Bef\u00f6rderungen f\u00fcr die Kameraden der Einsatzabteilung vor. Aufgrund langj\u00e4hriger Dienstzeiten als aktiver Feuerwehrmann zeichneten M\u00fcller und Stein einige Kameraden zus\u00e4tzlich mit Ehrenmedaillen aus.<\/p>\n<p><a href=\"http:\/\/www.feuerwehrkostheim.de\/wp-content\/uploads\/2015\/12\/Jubilare.jpg\" target=\"_blank\" rel=\"attachment noopener wp-att-2783 noreferrer\"><img loading=\"lazy\" decoding=\"async\" class=\"size-medium wp-image-2783 alignright\" src=\"http:\/\/www.feuerwehrkostheim.de\/wp-content\/uploads\/2015\/12\/Jubilare-300x171.jpg\" alt=\"Jubilare\" width=\"300\" height=\"171\" srcset=\"https:\/\/www.feuerwehrkostheim.de\/wp-content\/uploads\/2015\/12\/Jubilare-300x171.jpg 300w, https:\/\/www.feuerwehrkostheim.de\/wp-content\/uploads\/2015\/12\/Jubilare-768x438.jpg 768w, https:\/\/www.feuerwehrkostheim.de\/wp-content\/uploads\/2015\/12\/Jubilare-1024x584.jpg 1024w\" sizes=\"(max-width: 300px) 100vw, 300px\" \/><\/a>Bevor die Ehrungen und Anerkennungen ausgesprochen wurden, blickte Krimmel auf ein mit vielen unterschiedlichen Herausforderungen gespicktes Jahr 2015 zur\u00fcck. Neben der Einsatzserie, bei der eine Vielzahl von M\u00fcllbeh\u00e4ltern zu Beginn des Jahres aufgingen, waren die Kostheimer Kameraden auch in die Bew\u00e4ltigung der Fl\u00fcchtlingsunterbringung intensiv mit eingebunden. Alleine in den zwei Monaten von September bis Oktober leisteten Einsatzkr\u00e4fte aus Kostheim etwa 570 Einzelstunden. Doch nicht nur das Einsatzgeschehen sorgte f\u00fcr einen arbeitsintensiven Jahresverlauf, auch die Teilnahme an diversen Veranstaltungen, die Ausrichtung des eigenen Tages der offenen T\u00fcr sowie die vielf\u00e4ltigen \u2013 zum Teil gro\u00df angelegten \u2013 Ausbildungseinheiten erforderten einen intensiven und erheblichen Zeiteinsatz eines jeden Aktiven.<\/p>\n<p><!--more-->In den Gru\u00dfworten der Ehreng\u00e4ste \u2013 Stephan Lauer, Ortsvorsteher und Anegret Kracht, Vorsitzende des Vereinsringes \u2013 wurde ebenfalls das Engagement der ehrenamtlichen Helfer lobend angesprochen. Der Stellenwert, den eine Freiwillige Feuerwehr heutzutage im Gesamtkonzept \u00f6ffentliche Hilfeleistung einnimmt, sei immens und von hoher Bedeutung.<\/p>\n<p>Nach dem Abschluss der Ehrungen und Bef\u00f6rderungen, begann der entspannte Teil des Abends, der mit der Er\u00f6ffnung des Buffets eingeleitet wurde.<\/p>\n<h2>Die Jubilare im \u00dcberblick<\/h2>\n<h3><span style=\"text-decoration: underline;\">Ehrungen Vereinsmitglieder:<\/span><\/h3>\n<ul>\n<li><strong>25 Jahre Mitgliedschaft<\/strong><br \/>\nBernd Ackermann, Heinrich Bitz, Rafaele D\u00b4Apote, Sebastian Nett, Horst Riebel<\/li>\n<li><strong>40 Jahre Mitgliedschaft<\/strong><br \/>\nGeorg Juli, Karl-Theo R\u00f6hrig, Valentin Rudhof, G\u00fcnter Silbermann, Michael Stark, Raimund Stark<\/li>\n<li><strong>60 Jahre Mitgliedschaft<\/strong><br \/>\nKarl Seitz<\/li>\n<\/ul>\n<h3><span style=\"text-decoration: underline;\">Bef\u00f6rderungen in der Einsatzabteilung<\/span><\/h3>\n<ul>\n<li><strong>\u2026 zur Feuerwehrfrau<\/strong><br \/>\nSvenja Arenz<\/li>\n<li><strong>\u2026 zum Feuerwehrmann<\/strong><br \/>\nMustapha Berchane, Daniel Schuth<\/li>\n<li><strong>\u2026 zur Oberfeuerwehrfrau<\/strong><br \/>\nVanessa Gro\u00df<\/li>\n<li><strong>\u2026 zum Oberfeuerwehrmann<\/strong><br \/>\nTobias Kaiser, Christian Sch\u00e4fer, Fabian Wotzlaw<\/li>\n<li><strong>\u2026 zum Hauptfeuerwehrmann<\/strong><br \/>\nStefan Wagner<\/li>\n<li><strong>\u2026 zum L\u00f6schmeister<\/strong><br \/>\nPatrick Lipp, Matthias Mayer<\/li>\n<li><strong>\u2026 zum Oberl\u00f6schmeister<\/strong><br \/>\nChristian Schmitt<\/li>\n<li><strong>\u2026 zum Hauptl\u00f6schmeister<\/strong><br \/>\nMichael Stark<\/li>\n<\/ul>\n<h3><span style=\"text-decoration: underline;\">Auszeichnungen<\/span><\/h3>\n<ul>\n<li><strong>Katastrophenschutzmedaille in Bronze f\u00fcr 10 Jahre Dienstzeit in einer Katastrophenschutzeinheit:<\/strong><br \/>\nMathias M\u00e4mpel, Dominique Dunkel, Willi Arenz<\/li>\n<li><strong>Katastrophenschutzmedaille in Gold f\u00fcr 40 Jahre Dienstzeit in einer Katastrophenschutzeinheit:<\/strong><br \/>\nKarl-Theo R\u00f6hrig<\/li>\n<li><strong>Brandschutzehrenabzeichen in Silber f\u00fcr 25 Jahre Einsatzdienst:<\/strong><br \/>\nBernd Ackermann<\/li>\n<li><strong>Brandschutzehrenabzeichen in Gold f\u00fcr 40 Jahre Einsatzdienst:<\/strong><br \/>\nKarl-Theo R\u00f6hrig<\/li>\n<\/ul>\n","protected":false},"excerpt":{"rendered":"<p>Am letzten Novembersamstag veranstaltete die Kostheimer Feuerwehr ihren traditionell im Zweijahresrhytmus stattfindenden Jubilarenabend. Neben der Auszeichnung langj\u00e4hriger Vereinsmitglieder durch den Wehrf\u00fchrer und Vereinsvorsitzenden Torsten Krimmel, nahm der Leiter der Berufsfeuerwehr Harald M\u00fcller gemeinsam mit dem Stadtbrandinspektor Thomas Stein die Bef\u00f6rderungen f\u00fcr die Kameraden der Einsatzabteilung vor. Aufgrund langj\u00e4hriger Dienstzeiten als aktiver Feuerwehrmann zeichneten M\u00fcller und [&hellip;]<\/p>\n","protected":false},"author":1,"featured_media":0,"comment_status":"closed","ping_status":"open","sticky":false,"template":"","format":"standard","meta":{"_et_pb_use_builder":"","_et_pb_old_content":"","_et_gb_content_width":"","_crdt_document":"","footnotes":""},"categories":[1],"tags":[],"class_list":["post-2769","post","type-post","status-publish","format-standard","hentry","category-allgemein"],"_links":{"self":[{"href":"https:\/\/www.feuerwehrkostheim.de\/index.php?rest_route=\/wp\/v2\/posts\/2769","targetHints":{"allow":["GET"]}}],"collection":[{"href":"https:\/\/www.feuerwehrkostheim.de\/index.php?rest_route=\/wp\/v2\/posts"}],"about":[{"href":"https:\/\/www.feuerwehrkostheim.de\/index.php?rest_route=\/wp\/v2\/types\/post"}],"author":[{"embeddable":true,"href":"https:\/\/www.feuerwehrkostheim.de\/index.php?rest_route=\/wp\/v2\/users\/1"}],"replies":[{"embeddable":true,"href":"https:\/\/www.feuerwehrkostheim.de\/index.php?rest_route=%2Fwp%2Fv2%2Fcomments&post=2769"}],"version-history":[{"count":1,"href":"https:\/\/www.feuerwehrkostheim.de\/index.php?rest_route=\/wp\/v2\/posts\/2769\/revisions"}],"predecessor-version":[{"id":5472,"href":"https:\/\/www.feuerwehrkostheim.de\/index.php?rest_route=\/wp\/v2\/posts\/2769\/revisions\/5472"}],"wp:attachment":[{"href":"https:\/\/www.feuerwehrkostheim.de\/index.php?rest_route=%2Fwp%2Fv2%2Fmedia&parent=2769"}],"wp:term":[{"taxonomy":"category","embeddable":true,"href":"https:\/\/www.feuerwehrkostheim.de\/index.php?rest_route=%2Fwp%2Fv2%2Fcategories&post=2769"},{"taxonomy":"post_tag","embeddable":true,"href":"https:\/\/www.feuerwehrkostheim.de\/index.php?rest_route=%2Fwp%2Fv2%2Ftags&post=2769"}],"curies":[{"name":"wp","href":"https:\/\/api.w.org\/{rel}","templated":true}]}}