{"id":2766,"date":"2015-12-02T18:19:06","date_gmt":"2015-12-02T16:19:06","guid":{"rendered":"http:\/\/www.feuerwehrkostheim.de\/?p=2766"},"modified":"2018-06-02T14:05:08","modified_gmt":"2018-06-02T13:05:08","slug":"brandverdacht-gemeldet-erhebliche-probleme-auf-der-anfahrt","status":"publish","type":"post","link":"https:\/\/www.feuerwehrkostheim.de\/?p=2766","title":{"rendered":"Brandverdacht gemeldet &#8211; erhebliche Probleme auf der Anfahrt"},"content":{"rendered":"<p><img loading=\"lazy\" decoding=\"async\" class=\"alignleft\" title=\"Einsatz-Logo\" src=\"http:\/\/www.feuerwehrkostheim.de\/wp-content\/bilder\/sonstige\/logo_einsatz.jpg\" alt=\"Einsatz-Logo\" width=\"100\" height=\"100\" \/><strong>02. Dezember 2015 &#8211; 03:14 Uhr<\/strong><br \/>\n<strong>An der Taunusbahn<\/strong><br \/>\nFF-Einheit<br \/>\nEinsatz 89 &#8211; 2015<\/p>\n<p>In den fr\u00fchen Morgenstunden alarmierte die Rettungsleitstelle die FF Kostheim sowie den L\u00f6schzug der Berufsfeuerwehr in die Stra\u00dfe \u201eAn der Taunusbahn\u201c. Hintergrund war ein eingegangener Notruf, der nicht nur von einer verrauchten Wohnung berichtete, sondern noch von Personen, die sich in dieser aufhalten sollten. Nach Eintreffen der ersten Kr\u00e4fte konnte jedoch auf Anhieb nichts festgestellt werden. Gemeinsam mit der Polizei h\u00e4mmerte man an die Eingangst\u00fcr der vermeintlich betroffenen Wohnung. Nachdem eine vermutlich verwirrte Person die T\u00fcr \u00f6ffnete, konnten die R\u00e4umlichkeiten ohne das Vorfinden einer Gef\u00e4hrdung kontrolliert werden. Die Polizei nahm sich der Person an und die Feuerwehr r\u00fcckte wieder ein.<\/p>\n<p>An dieser Stelle muss ausdr\u00fccklich auf die<strong> Problematik<\/strong> hingewiesen werden, <strong> dass die Anfahrt der Einsatzfahrzeuge zur Einsatzstelle zum Teil erheblich durch das in weiten Teilen Alt-Kostheims vorherrschende Parkchaos verz\u00f6gert wurde<\/strong>. Nicht nur Kreuzungsbereiche waren unpassierbar zugeparkt, auch ein Doppelparken auf beiden Stra\u00dfenseiten in den engen Stra\u00dfen behinderte die anr\u00fcckenden Kr\u00e4fte.<\/p>\n<p><strong>Im Ernstfall w\u00e4re dadurch kostbare Zeit verloren gegangen, die f\u00fcr die Rettung von Personen \u00fcberlebensnotwendig gewesen w\u00e4re.<\/strong> Jeder Fahrzeughalter sollte sich beim Abstellen seines PKW\u00b4s vor Augen f\u00fchren, ob die gr\u00f6\u00dfer als ein normaler PKW ausfallenden Einsatzfahrzeuge ungehindert rangieren oder durchfahren k\u00f6nnen.<\/p>\n","protected":false},"excerpt":{"rendered":"<p>02. Dezember 2015 &#8211; 03:14 Uhr An der Taunusbahn FF-Einheit Einsatz 89 &#8211; 2015 In den fr\u00fchen Morgenstunden alarmierte die Rettungsleitstelle die FF Kostheim sowie den L\u00f6schzug der Berufsfeuerwehr in die Stra\u00dfe \u201eAn der Taunusbahn\u201c. Hintergrund war ein eingegangener Notruf, der nicht nur von einer verrauchten Wohnung berichtete, sondern noch von Personen, die sich in [&hellip;]<\/p>\n","protected":false},"author":1,"featured_media":0,"comment_status":"closed","ping_status":"open","sticky":false,"template":"","format":"standard","meta":{"_et_pb_use_builder":"","_et_pb_old_content":"","_et_gb_content_width":"","_crdt_document":"","footnotes":""},"categories":[5],"tags":[844,112,113,843],"class_list":["post-2766","post","type-post","status-publish","format-standard","hentry","category-einsatze","tag-behinderung","tag-brandverdacht","tag-fehlalarm","tag-zugeparkt"],"_links":{"self":[{"href":"https:\/\/www.feuerwehrkostheim.de\/index.php?rest_route=\/wp\/v2\/posts\/2766","targetHints":{"allow":["GET"]}}],"collection":[{"href":"https:\/\/www.feuerwehrkostheim.de\/index.php?rest_route=\/wp\/v2\/posts"}],"about":[{"href":"https:\/\/www.feuerwehrkostheim.de\/index.php?rest_route=\/wp\/v2\/types\/post"}],"author":[{"embeddable":true,"href":"https:\/\/www.feuerwehrkostheim.de\/index.php?rest_route=\/wp\/v2\/users\/1"}],"replies":[{"embeddable":true,"href":"https:\/\/www.feuerwehrkostheim.de\/index.php?rest_route=%2Fwp%2Fv2%2Fcomments&post=2766"}],"version-history":[{"count":0,"href":"https:\/\/www.feuerwehrkostheim.de\/index.php?rest_route=\/wp\/v2\/posts\/2766\/revisions"}],"wp:attachment":[{"href":"https:\/\/www.feuerwehrkostheim.de\/index.php?rest_route=%2Fwp%2Fv2%2Fmedia&parent=2766"}],"wp:term":[{"taxonomy":"category","embeddable":true,"href":"https:\/\/www.feuerwehrkostheim.de\/index.php?rest_route=%2Fwp%2Fv2%2Fcategories&post=2766"},{"taxonomy":"post_tag","embeddable":true,"href":"https:\/\/www.feuerwehrkostheim.de\/index.php?rest_route=%2Fwp%2Fv2%2Ftags&post=2766"}],"curies":[{"name":"wp","href":"https:\/\/api.w.org\/{rel}","templated":true}]}}