{"id":2744,"date":"2015-11-14T18:21:03","date_gmt":"2015-11-14T16:21:03","guid":{"rendered":"http:\/\/www.feuerwehrkostheim.de\/?p=2744"},"modified":"2018-06-02T14:05:09","modified_gmt":"2018-06-02T13:05:09","slug":"wasserrettungsuebung-auf-dem-rhein","status":"publish","type":"post","link":"https:\/\/www.feuerwehrkostheim.de\/?p=2744","title":{"rendered":"Wasserrettungs\u00fcbung auf dem Rhein"},"content":{"rendered":"<p><a title=\"\u00dcbung Wasserrettungskonzept Wi-Mz - 14.11.15\" href=\"https:\/\/www.flickr.com\/photos\/ffkostheim\/albums\/72157658873316233\" target=\"_blank\"><img loading=\"lazy\" decoding=\"async\" class=\" alignleft\" src=\"https:\/\/farm1.staticflickr.com\/617\/22985361046_be49a1e6d0_n.jpg\" alt=\"\u00dcbung Wasserrettungskonzept Wi-Mz - 14.11.15\" width=\"320\" height=\"213\" \/><\/a>Am Samstagvormittag fand eine gr\u00f6\u00dfer angelegte \u00dcbung verschiedenster Rettungsorganisationen auf dem Rhein im Bereich der Schiersteiner Br\u00fccke statt. Hintergrund war die \u00dcberarbeitung des f\u00fcr Notf\u00e4lle auf dem Rhein und Main erstellte Wasserrettungskonzeptes, in dem die Organisation und Kommunikation der beim jeweiligen Einsatz beteiligten Hilfs- und Rettungsorganisationen neu geregelt wurde. Man nahm eine im Wasser treibende Person an, die in H\u00f6he der Schiersteiner Br\u00fccke zuletzt gesichtet wurde.<\/p>\n<p><!--more--><a title=\"\u00dcbung Wasserrettungskonzept Wi-Mz - 14.11.15\" href=\"https:\/\/www.flickr.com\/photos\/ffkostheim\/albums\/72157658873316233\" target=\"_blank\"><img loading=\"lazy\" decoding=\"async\" class=\"alignright\" src=\"https:\/\/farm1.staticflickr.com\/618\/22593066578_714ac736f1_n.jpg\" alt=\"\u00dcbung Wasserrettungskonzept Wi-Mz - 14.11.15\" width=\"213\" height=\"320\" \/><\/a>Neben den Berufs- und freiwilligen Feuerwehren beider St\u00e4dte, den DLRG\u00b4en der Rheinfront, der Wasserschutzpolizei und eines mit W\u00e4rmesichtger\u00e4ten ausgestatteten Polizeihubschraubers beteiligten sich auch Boote der weiter rheinabw\u00e4rts ans\u00e4ssigen Feuerwehren an der \u00dcbung. Vordergr\u00fcndiges Ziel war es, die Funkf\u00fchrung zwischen den unterschiedlichsten Helfern zu proben um dadurch eine noch effizientere Rettung zu erhalten. Nach etwa einer Stunde konnte der \u00dcbungsdummy aus dem kalten Rhein gerettet und die \u00dcbung beendet werden.<br \/>\nAuch die Kostheimer Wehr war aktiv mit ihrem Rettungsboot beteiligt.<\/p>\n<p>Zu guter Letzt bleibt zu erw\u00e4hnen, dass f\u00fcr diese \u00dcbung noch die Rampe in Gustavsburg genutzt werden musste. Die Instandsetzung der Wasserrampe auf Kostheimer Seite, die vom Ortsbeirat Mitte des Jahres beschlossen wurde, ist zwar noch nicht abgeschlossen, soll nun aber zeitnah in die Ausf\u00fchrung gehen.<\/p>\n<h6><em>Vielen Dank an <a href=\"http:\/\/www.Wiesbaden112.de\" target=\"_blank\">Wiesbaden112<\/a> f\u00fcr die zur Verf\u00fcgung Stellung des Bildmaterials.<\/em><\/h6>\n","protected":false},"excerpt":{"rendered":"<p>Am Samstagvormittag fand eine gr\u00f6\u00dfer angelegte \u00dcbung verschiedenster Rettungsorganisationen auf dem Rhein im Bereich der Schiersteiner Br\u00fccke statt. Hintergrund war die \u00dcberarbeitung des f\u00fcr Notf\u00e4lle auf dem Rhein und Main erstellte Wasserrettungskonzeptes, in dem die Organisation und Kommunikation der beim jeweiligen Einsatz beteiligten Hilfs- und Rettungsorganisationen neu geregelt wurde. Man nahm eine im Wasser treibende [&hellip;]<\/p>\n","protected":false},"author":1,"featured_media":0,"comment_status":"closed","ping_status":"open","sticky":false,"template":"","format":"standard","meta":{"_et_pb_use_builder":"","_et_pb_old_content":"","_et_gb_content_width":"","_crdt_document":"","footnotes":""},"categories":[4],"tags":[103,520,754,105,518],"class_list":["post-2744","post","type-post","status-publish","format-standard","hentry","category-einsatzabteilung","tag-boot","tag-rhein","tag-rtb","tag-ubung","tag-wasserrettung"],"_links":{"self":[{"href":"https:\/\/www.feuerwehrkostheim.de\/index.php?rest_route=\/wp\/v2\/posts\/2744","targetHints":{"allow":["GET"]}}],"collection":[{"href":"https:\/\/www.feuerwehrkostheim.de\/index.php?rest_route=\/wp\/v2\/posts"}],"about":[{"href":"https:\/\/www.feuerwehrkostheim.de\/index.php?rest_route=\/wp\/v2\/types\/post"}],"author":[{"embeddable":true,"href":"https:\/\/www.feuerwehrkostheim.de\/index.php?rest_route=\/wp\/v2\/users\/1"}],"replies":[{"embeddable":true,"href":"https:\/\/www.feuerwehrkostheim.de\/index.php?rest_route=%2Fwp%2Fv2%2Fcomments&post=2744"}],"version-history":[{"count":0,"href":"https:\/\/www.feuerwehrkostheim.de\/index.php?rest_route=\/wp\/v2\/posts\/2744\/revisions"}],"wp:attachment":[{"href":"https:\/\/www.feuerwehrkostheim.de\/index.php?rest_route=%2Fwp%2Fv2%2Fmedia&parent=2744"}],"wp:term":[{"taxonomy":"category","embeddable":true,"href":"https:\/\/www.feuerwehrkostheim.de\/index.php?rest_route=%2Fwp%2Fv2%2Fcategories&post=2744"},{"taxonomy":"post_tag","embeddable":true,"href":"https:\/\/www.feuerwehrkostheim.de\/index.php?rest_route=%2Fwp%2Fv2%2Ftags&post=2744"}],"curies":[{"name":"wp","href":"https:\/\/api.w.org\/{rel}","templated":true}]}}