{"id":2721,"date":"2015-10-12T18:51:45","date_gmt":"2015-10-12T16:51:45","guid":{"rendered":"http:\/\/www.feuerwehrkostheim.de\/?p=2721"},"modified":"2018-06-02T14:05:09","modified_gmt":"2018-06-02T13:05:09","slug":"rauchentwicklung-ueber-gartenkolonie","status":"publish","type":"post","link":"https:\/\/www.feuerwehrkostheim.de\/?p=2721","title":{"rendered":"Rauchentwicklung \u00fcber Gartenkolonie"},"content":{"rendered":"<p><img loading=\"lazy\" decoding=\"async\" class=\"alignleft\" title=\"Einsatz-Logo\" src=\"http:\/\/www.feuerwehrkostheim.de\/wp-content\/bilder\/sonstige\/logo_einsatz.jpg\" alt=\"Einsatz-Logo\" width=\"100\" height=\"100\" \/><strong>12. Oktober 2015 &#8211; 08:54 Uhr<\/strong><br \/>\n<strong>Otto-Suhr-Ring<\/strong><br \/>\nFF-Einheit \/ Alarmgruppe mit FF Kastel<br \/>\nEinsatz 79 &#8211; 2015<\/p>\n<p>Am Montagmorgen wurden die Wehren Kostheim und Kastel zusammen mit dem Basis-L\u00f6schfahrzeug und Gro\u00dftankl\u00f6schfahrzeug der Berufsfeuerwehr in den Bereich Otto-Suhr-Ring Ecke Castellumstra\u00dfe alarmiert. Hier wurde eine gr\u00f6\u00dfere Rauchentwicklung aus den dort befindlichen Kleing\u00e4rten gemeldet. Die \u00dcberpr\u00fcfung vor Ort ergab zum Gl\u00fcck als Ursache lediglich einen gewollten Abbrand. Das Feuer wurde von dem Verursacher selbst abgel\u00f6scht und die Feuerwehr konnte unverrichteter Dinge wieder abr\u00fccken. Der Einsatz war nach 20 Minuten beendet.<\/p>\n","protected":false},"excerpt":{"rendered":"<p>12. Oktober 2015 &#8211; 08:54 Uhr Otto-Suhr-Ring FF-Einheit \/ Alarmgruppe mit FF Kastel Einsatz 79 &#8211; 2015 Am Montagmorgen wurden die Wehren Kostheim und Kastel zusammen mit dem Basis-L\u00f6schfahrzeug und Gro\u00dftankl\u00f6schfahrzeug der Berufsfeuerwehr in den Bereich Otto-Suhr-Ring Ecke Castellumstra\u00dfe alarmiert. Hier wurde eine gr\u00f6\u00dfere Rauchentwicklung aus den dort befindlichen Kleing\u00e4rten gemeldet. Die \u00dcberpr\u00fcfung vor Ort [&hellip;]<\/p>\n","protected":false},"author":1,"featured_media":0,"comment_status":"closed","ping_status":"open","sticky":false,"template":"","format":"standard","meta":{"_et_pb_use_builder":"","_et_pb_old_content":"","_et_gb_content_width":"","_crdt_document":"","footnotes":""},"categories":[5],"tags":[110,112,111],"class_list":["post-2721","post","type-post","status-publish","format-standard","hentry","category-einsatze","tag-alarmgruppe","tag-brandverdacht","tag-rauchentwicklung"],"_links":{"self":[{"href":"https:\/\/www.feuerwehrkostheim.de\/index.php?rest_route=\/wp\/v2\/posts\/2721","targetHints":{"allow":["GET"]}}],"collection":[{"href":"https:\/\/www.feuerwehrkostheim.de\/index.php?rest_route=\/wp\/v2\/posts"}],"about":[{"href":"https:\/\/www.feuerwehrkostheim.de\/index.php?rest_route=\/wp\/v2\/types\/post"}],"author":[{"embeddable":true,"href":"https:\/\/www.feuerwehrkostheim.de\/index.php?rest_route=\/wp\/v2\/users\/1"}],"replies":[{"embeddable":true,"href":"https:\/\/www.feuerwehrkostheim.de\/index.php?rest_route=%2Fwp%2Fv2%2Fcomments&post=2721"}],"version-history":[{"count":0,"href":"https:\/\/www.feuerwehrkostheim.de\/index.php?rest_route=\/wp\/v2\/posts\/2721\/revisions"}],"wp:attachment":[{"href":"https:\/\/www.feuerwehrkostheim.de\/index.php?rest_route=%2Fwp%2Fv2%2Fmedia&parent=2721"}],"wp:term":[{"taxonomy":"category","embeddable":true,"href":"https:\/\/www.feuerwehrkostheim.de\/index.php?rest_route=%2Fwp%2Fv2%2Fcategories&post=2721"},{"taxonomy":"post_tag","embeddable":true,"href":"https:\/\/www.feuerwehrkostheim.de\/index.php?rest_route=%2Fwp%2Fv2%2Ftags&post=2721"}],"curies":[{"name":"wp","href":"https:\/\/api.w.org\/{rel}","templated":true}]}}