{"id":2713,"date":"2015-10-05T20:17:09","date_gmt":"2015-10-05T18:17:09","guid":{"rendered":"http:\/\/www.feuerwehrkostheim.de\/?p=2713"},"modified":"2018-06-02T14:05:10","modified_gmt":"2018-06-02T13:05:10","slug":"pkw-geht-in-flammen-auf","status":"publish","type":"post","link":"https:\/\/www.feuerwehrkostheim.de\/?p=2713","title":{"rendered":"PKW geht in Flammen auf"},"content":{"rendered":"<p><img loading=\"lazy\" decoding=\"async\" class=\"alignleft\" title=\"Einsatz-Logo\" src=\"http:\/\/www.feuerwehrkostheim.de\/wp-content\/bilder\/sonstige\/logo_einsatz.jpg\" alt=\"Einsatz-Logo\" width=\"100\" height=\"100\" \/><strong>05. Oktober 2015 &#8211; 17:41 Uhr<\/strong><br \/>\n<strong>Boelckestra\u00dfe 134<\/strong><br \/>\nFF-Einheit \/ Alarmgruppe mit FF Kastel<br \/>\nEinsatz 76 &#8211; 2015<\/p>\n<p>Am fr\u00fchen Montagabend erreichten gleich mehrere Notrufe die Wiesbadener Rettungsleistelle, die einen brennenden PKW in der Boelckestra\u00dfe H\u00f6he der Kreuzung zur Ernst-Galonske-Stra\u00dfe meldeten. Der zust\u00e4ndige Einsatzbearbeiter stufte den Einsatz zus\u00e4tzlich in einem Bereich au\u00dferhalb der normalen L\u00f6schwasserversorgung ein, sodass neben dem Basis-L\u00f6schfahrzeug der Wache 2 auch das Gro\u00dftankl\u00f6schfahrzeug sowie die Wehren Kostheim und Kastel (Alarmgruppe) alarmiert wurden. Schon auf der Anfahrt deutete den Einsatzkr\u00e4ften ein weit sichtbare Rauchs\u00e4ule den Weg. Von den zuerst vor Ort eintreffenden Kameraden der Berufsfeuerwehr wurde der Brand gel\u00f6scht. Eine Unterst\u00fctzung durch die freiwilligen war nicht mehr n\u00f6tig \u2013 sie konnten ihre Einsatzfahrt abbrechen und wieder einr\u00fccken. Der PKW brannte vollst\u00e4ndig aus. Schadensh\u00f6he sowie eine m\u00f6gliche Brandursache waren zum Zeitpunkt des Einsatzes unbekannt.<\/p>\n","protected":false},"excerpt":{"rendered":"<p>05. Oktober 2015 &#8211; 17:41 Uhr Boelckestra\u00dfe 134 FF-Einheit \/ Alarmgruppe mit FF Kastel Einsatz 76 &#8211; 2015 Am fr\u00fchen Montagabend erreichten gleich mehrere Notrufe die Wiesbadener Rettungsleistelle, die einen brennenden PKW in der Boelckestra\u00dfe H\u00f6he der Kreuzung zur Ernst-Galonske-Stra\u00dfe meldeten. Der zust\u00e4ndige Einsatzbearbeiter stufte den Einsatz zus\u00e4tzlich in einem Bereich au\u00dferhalb der normalen L\u00f6schwasserversorgung [&hellip;]<\/p>\n","protected":false},"author":1,"featured_media":0,"comment_status":"closed","ping_status":"open","sticky":false,"template":"","format":"standard","meta":{"_et_pb_use_builder":"","_et_pb_old_content":"","_et_gb_content_width":"","_crdt_document":"","footnotes":""},"categories":[5],"tags":[110,50,422],"class_list":["post-2713","post","type-post","status-publish","format-standard","hentry","category-einsatze","tag-alarmgruppe","tag-brand","tag-pkw"],"_links":{"self":[{"href":"https:\/\/www.feuerwehrkostheim.de\/index.php?rest_route=\/wp\/v2\/posts\/2713","targetHints":{"allow":["GET"]}}],"collection":[{"href":"https:\/\/www.feuerwehrkostheim.de\/index.php?rest_route=\/wp\/v2\/posts"}],"about":[{"href":"https:\/\/www.feuerwehrkostheim.de\/index.php?rest_route=\/wp\/v2\/types\/post"}],"author":[{"embeddable":true,"href":"https:\/\/www.feuerwehrkostheim.de\/index.php?rest_route=\/wp\/v2\/users\/1"}],"replies":[{"embeddable":true,"href":"https:\/\/www.feuerwehrkostheim.de\/index.php?rest_route=%2Fwp%2Fv2%2Fcomments&post=2713"}],"version-history":[{"count":0,"href":"https:\/\/www.feuerwehrkostheim.de\/index.php?rest_route=\/wp\/v2\/posts\/2713\/revisions"}],"wp:attachment":[{"href":"https:\/\/www.feuerwehrkostheim.de\/index.php?rest_route=%2Fwp%2Fv2%2Fmedia&parent=2713"}],"wp:term":[{"taxonomy":"category","embeddable":true,"href":"https:\/\/www.feuerwehrkostheim.de\/index.php?rest_route=%2Fwp%2Fv2%2Fcategories&post=2713"},{"taxonomy":"post_tag","embeddable":true,"href":"https:\/\/www.feuerwehrkostheim.de\/index.php?rest_route=%2Fwp%2Fv2%2Ftags&post=2713"}],"curies":[{"name":"wp","href":"https:\/\/api.w.org\/{rel}","templated":true}]}}