{"id":2691,"date":"2015-09-16T22:05:14","date_gmt":"2015-09-16T20:05:14","guid":{"rendered":"http:\/\/www.feuerwehrkostheim.de\/?p=2691"},"modified":"2018-06-02T14:05:10","modified_gmt":"2018-06-02T13:05:10","slug":"stadt-wiesbaden-bringt-fluechtlinge-in-hallen-unter-umfangreiche-unterstuetzung","status":"publish","type":"post","link":"https:\/\/www.feuerwehrkostheim.de\/?p=2691","title":{"rendered":"[update] Stadt Wiesbaden bringt Fl\u00fcchtlinge in Hallen unter &#8211; umfangreiche Unterst\u00fctzung"},"content":{"rendered":"<p><img loading=\"lazy\" decoding=\"async\" class=\"alignleft\" title=\"Einsatz-Logo\" src=\"http:\/\/www.feuerwehrkostheim.de\/wp-content\/bilder\/sonstige\/logo_einsatz.jpg\" alt=\"Einsatz-Logo\" width=\"100\" height=\"100\" \/><strong>seit 13.\u00a0September 2015 &#8211; 21:00 Uhr<\/strong><br \/>\n<strong>Stadtgebiet<\/strong><br \/>\nEinzelfahrzeugalarmierung<br \/>\nEinsatz\u00a070-71 &#8211; 2015<\/p>\n<p>Am Sonntagmittag wurde der Wiesbadener Oberb\u00fcrgermeister vom Innenministerium aufgefordert, zeitnah die Aufnahme von etwa 1000 Fl\u00fcchtlingen zu gew\u00e4hrleisten. Die Landeshauptstadt solle als Au\u00dfenstelle der Gie\u00dfener Erstaufnahmestelle dienen. Umgehend wurde der Stab einberufen, in dem Vertreter aller n\u00f6tigen Hilfsorganisationen und \u00c4mtern die Koordination \u00fcbernahm.<br \/>\nNeben den rettungsdienstlichen Einheiten, wurde auch die Unterst\u00fctzung einzelner freiwilligen Wehren angefordert. So verbrachte die Kostheimer Wehr mit ihrem MTF dringend ben\u00f6tigtes Equipment vom Ger\u00e4tehaus in einer der f\u00fcr die Fl\u00fcchtlinge im Aufbau befindlichen Kellerskopfhalle in Naurod. Da Anfangs von einem zeitnahen Eintreffen auszugehen war, bereitete man parallel noch die Taunushalle in Nordenstadt sowie die Kultur- und Sporthalle in Breckenheim als Unterkunft vor. Auch die Mehrzweckhalle in Auringen richtete man ein, sie soll aber prim\u00e4r als Reserve dienen. Das urspr\u00fcngliche Ankommen der Hilfesuchenden verz\u00f6gerte sich im weiteren Verlauf noch bis zur Nacht auf Mittwoch.<\/p>\n<p><!--more--><\/p>\n<p>Seit Dienstag (15.09.) sind fast rund um die Uhr immer wieder Kameraden aus Kostheim zur Unterst\u00fctzung der Berufsfeuerwehr auf der Feuerwache 2. Nicht nur die zahlreichen Besorgungs- und Transportfahrten werden in Angriff genommen, auch der Lenkungsstab im Keller der Wache wird tatkr\u00e4ftig unterst\u00fctzt. Wie lange sich die Gesamtlage noch erstreckt, ist aus heutiger Sicht noch nicht ersichtlich. Auch am Mittwochabend trafen noch weitere Fl\u00fcchtlinge in den Wiesbadener Unterk\u00fcnften ein. Um diese Aufgabe meistern zu k\u00f6nnen, sind eine Vielzahl von Wiesbadener Feuerwehren und andere Hilfsorganisationen eingebunden.<\/p>\n<h3><span style=\"text-decoration: underline;\">Sachspenden und Hilfsg\u00fcter<\/span><\/h3>\n<p>Entgegen der Meldungen aus diversen Medien, es k\u00f6nnen Hilfsg\u00fcter und Sachspenden in den jeweiligen Feuerwehrger\u00e4teh\u00e4usern der Stadtteile abgegeben werden, ist nicht korrekt. Diese M\u00f6glichkeit wurde lediglich in den Vororten, in denen die provisorischen Unterk\u00fcnfte aufgebaut wurden, eingerichtet. Mittlerweile hat aber eine so gro\u00dfe Anzahl an B\u00fcrgern Sachspenden abgegeben, dass es aus personeller Sicht derzeit nicht m\u00f6glich ist, die Fl\u00fcchtlinge zu versorgen und gleichzeitig noch die Massen an Hilfsg\u00fctern anzunehmen und zu verteilen. Die Verantwortlichen bedanken sich ausdr\u00fccklich bei den Spendern, bitten jedoch darum, keine weiteren Sachspenden mehr abzugeben. Sollte der Bedarf wieder vorhanden sein, wird dies in den Medien mitgeteilt.<\/p>\n<p><strong>[update 21.09.2015] &#8211; Zulauf rei\u00dft nicht ab &#8211; Reservehalle ebenfalls ge\u00f6ffnet<br \/>\n<\/strong><\/p>\n<p>Durch die Umst\u00e4nde, dass sich viele der Fl\u00fcchtlinge nach ihrer Ankunft nur kurz in Wiesbaden aufhielten und dann &#8211; gr\u00f6\u00dftenteils auf eigene Faust &#8211; weiterreisten und auch der weitere Zustrom etwas abebbte, entspannte sich die Lage in der zweiten Wochenh\u00e4lfte (17.\/18.09.) ein wenig. Dies f\u00fchrte dazu, dass es zeitweise m\u00f6glich war, die eingebundenen Kr\u00e4fte etwas zu reduzieren. Zum Wochenende hin stieg die Zahl der Neuank\u00f6mmlinge jedoch sp\u00fcrbar an, was ein \u00d6ffnen der als Reservehalle geltenden Notunterkunft in Auringen n\u00f6tig machte. Zwischen Donnerstag und Sonntag wurden knapp 1000 Fl\u00fcchtlinge in Wiesbaden aufgenommen. Neben den schon seit Tagen aktiven Hilfsorganisationen, zog man nun auch die DLRG als Unterst\u00fctzung hinzu.<\/p>\n<p>Entgegen erster Meldungen, Wiesbaden gelte als Au\u00dfenstelle der Erstaufnahmeeinrichtung Gie\u00dfen, wurde mittlerweile klargestellt, dass in der hessischen Landeshauptstadt lediglich Notunterk\u00fcnfte errichtet wurden. Sie dient quasi als Durchlaufunterkunft, um die fest eingerichteten Erstaufnahmestellen zu entlasten und den Leuten dennoch ein menschenw\u00fcrdiges Unterkommen zu erm\u00f6glichen. Wie lange die Stadt diese Notunterk\u00fcnfte noch vorhalten muss, oder an den Kapazit\u00e4tszahlen \u00c4nderungen vorgenommen werden, ist aus jetziger Sicht noch nicht absehbar.<\/p>\n<p>Weiterhin sind viele Kameraden der freiwilligen Feuerwehren in den unterschiedlichsten Bereichen dieser Einsatzlage t\u00e4tig. Boten- und Beschaffungsfahrten werden ebenso unterst\u00fctzt wie die Arbeit des Katastrophenschutzstabes. Ein Ende des Gesamteinsatzes ist auch hier noch nicht absehbar und h\u00e4ngt von vielen Faktoren ab.<\/p>\n<p>Ausf\u00fchrliche Informationen rund um das Thema sind \u00fcber die Internetseite wwww.wiesbaden.de zu erhalten. Die Erreichbarkeit des B\u00fcrgertelefons, Aufrufe zur m\u00f6glichen Unterst\u00fctzung sowie ben\u00f6tigte Sachspenden sind hier zeitnah nachzulesen. Auch B\u00fcrger , die ehrenamtliche ihre Mitarbeit anbieten m\u00f6chten, k\u00f6nnen sich hier\u00fcber melden. Selbstverst\u00e4ndlich gibt es hier in regelm\u00e4\u00dfigen Abst\u00e4nden auch kurze Sachstandsberichte.<\/p>\n","protected":false},"excerpt":{"rendered":"<p>seit 13.\u00a0September 2015 &#8211; 21:00 Uhr Stadtgebiet Einzelfahrzeugalarmierung Einsatz\u00a070-71 &#8211; 2015 Am Sonntagmittag wurde der Wiesbadener Oberb\u00fcrgermeister vom Innenministerium aufgefordert, zeitnah die Aufnahme von etwa 1000 Fl\u00fcchtlingen zu gew\u00e4hrleisten. Die Landeshauptstadt solle als Au\u00dfenstelle der Gie\u00dfener Erstaufnahmestelle dienen. Umgehend wurde der Stab einberufen, in dem Vertreter aller n\u00f6tigen Hilfsorganisationen und \u00c4mtern die Koordination \u00fcbernahm. Neben [&hellip;]<\/p>\n","protected":false},"author":1,"featured_media":0,"comment_status":"closed","ping_status":"open","sticky":false,"template":"","format":"standard","meta":{"_et_pb_use_builder":"","_et_pb_old_content":"","_et_gb_content_width":"","_crdt_document":"","footnotes":""},"categories":[5],"tags":[837,835,836,441],"class_list":["post-2691","post","type-post","status-publish","format-standard","hentry","category-einsatze","tag-dauereinsatz","tag-fluechtlinge","tag-stab","tag-unterstutzung"],"_links":{"self":[{"href":"https:\/\/www.feuerwehrkostheim.de\/index.php?rest_route=\/wp\/v2\/posts\/2691","targetHints":{"allow":["GET"]}}],"collection":[{"href":"https:\/\/www.feuerwehrkostheim.de\/index.php?rest_route=\/wp\/v2\/posts"}],"about":[{"href":"https:\/\/www.feuerwehrkostheim.de\/index.php?rest_route=\/wp\/v2\/types\/post"}],"author":[{"embeddable":true,"href":"https:\/\/www.feuerwehrkostheim.de\/index.php?rest_route=\/wp\/v2\/users\/1"}],"replies":[{"embeddable":true,"href":"https:\/\/www.feuerwehrkostheim.de\/index.php?rest_route=%2Fwp%2Fv2%2Fcomments&post=2691"}],"version-history":[{"count":0,"href":"https:\/\/www.feuerwehrkostheim.de\/index.php?rest_route=\/wp\/v2\/posts\/2691\/revisions"}],"wp:attachment":[{"href":"https:\/\/www.feuerwehrkostheim.de\/index.php?rest_route=%2Fwp%2Fv2%2Fmedia&parent=2691"}],"wp:term":[{"taxonomy":"category","embeddable":true,"href":"https:\/\/www.feuerwehrkostheim.de\/index.php?rest_route=%2Fwp%2Fv2%2Fcategories&post=2691"},{"taxonomy":"post_tag","embeddable":true,"href":"https:\/\/www.feuerwehrkostheim.de\/index.php?rest_route=%2Fwp%2Fv2%2Ftags&post=2691"}],"curies":[{"name":"wp","href":"https:\/\/api.w.org\/{rel}","templated":true}]}}