{"id":2663,"date":"2015-08-16T17:48:28","date_gmt":"2015-08-16T15:48:28","guid":{"rendered":"http:\/\/www.feuerwehrkostheim.de\/?p=2663"},"modified":"2018-06-02T14:05:11","modified_gmt":"2018-06-02T13:05:11","slug":"kostheimer-wehr-trauert-um-guenther-voelcker","status":"publish","type":"post","link":"https:\/\/www.feuerwehrkostheim.de\/?p=2663","title":{"rendered":"Kostheimer Wehr trauert um G\u00fcnther V\u00f6lcker"},"content":{"rendered":"<p>Mit tiefer Trauer und Best\u00fcrzung haben wir die Nachricht vom pl\u00f6tzlichen Tod unseres Kameraden G\u00fcnther V\u00f6lcker zur Kenntnis genommen. V\u00f6llig unerwartet verstarb er am vergangenen Montag im Alter von nur 66 Jahren. Nach langj\u00e4hrigem aktivem Dienst in der Einsatzabteilung war er zuletzt Mitglied der Alters- und Ehrenabteilung der Kostheimer Feuerwehr.<\/p>\n<p>G\u00fcnther V\u00f6lcker trat 1964 in den aktiven Dienst bei der Freiwilligen Feuerwehr ein. Im Laufe der Jahre war er an zahlreichen gro\u00dfen wie kleinen Eins\u00e4tzen beteiligt. Besonders hervorzuheben ist der Einsatz w\u00e4hrend der Brandkatastrohe im ehemaligen Linde-Werk, der die Kostheimer Wehr 1971 tagelang in Atem hielt. G\u00fcnther V\u00f6lcker war Mitbegr\u00fcnder der Kostheimer Jugendfeuerwehr und von 1974 bis\u00a0 1977 deren erster Jugendwart. 1977 wurde er zum Wehrf\u00fchrer gew\u00e4hlt. Dieses Amt \u00fcbte er bis 1984 aus.<\/p>\n<p>Auch nach seiner aktiven Zeit blieb er der Kostheimer Feuerwehr stets verbunden.<\/p>\n<p>Mit G\u00fcnther V\u00f6lcker verlieren wir einen treuen Kameraden. Unsere Gedanken sind bei seiner Familie.<\/p>\n<p><em>Wir werden ihm ein ehrendes Andenken bewahren.<\/em><\/p>\n<p><em><strong>Leb\u00b4 wohl, G\u00fcnther<\/strong><\/em><\/p>\n<p><em><strong>Deine Kameraden<\/strong><\/em><\/p>\n","protected":false},"excerpt":{"rendered":"<p>Mit tiefer Trauer und Best\u00fcrzung haben wir die Nachricht vom pl\u00f6tzlichen Tod unseres Kameraden G\u00fcnther V\u00f6lcker zur Kenntnis genommen. V\u00f6llig unerwartet verstarb er am vergangenen Montag im Alter von nur 66 Jahren. Nach langj\u00e4hrigem aktivem Dienst in der Einsatzabteilung war er zuletzt Mitglied der Alters- und Ehrenabteilung der Kostheimer Feuerwehr. G\u00fcnther V\u00f6lcker trat 1964 in [&hellip;]<\/p>\n","protected":false},"author":2,"featured_media":0,"comment_status":"closed","ping_status":"open","sticky":false,"template":"","format":"standard","meta":{"_et_pb_use_builder":"","_et_pb_old_content":"","_et_gb_content_width":"","_crdt_document":"","footnotes":""},"categories":[1],"tags":[825,826],"class_list":["post-2663","post","type-post","status-publish","format-standard","hentry","category-allgemein","tag-nachruf","tag-voelcker"],"_links":{"self":[{"href":"https:\/\/www.feuerwehrkostheim.de\/index.php?rest_route=\/wp\/v2\/posts\/2663","targetHints":{"allow":["GET"]}}],"collection":[{"href":"https:\/\/www.feuerwehrkostheim.de\/index.php?rest_route=\/wp\/v2\/posts"}],"about":[{"href":"https:\/\/www.feuerwehrkostheim.de\/index.php?rest_route=\/wp\/v2\/types\/post"}],"author":[{"embeddable":true,"href":"https:\/\/www.feuerwehrkostheim.de\/index.php?rest_route=\/wp\/v2\/users\/2"}],"replies":[{"embeddable":true,"href":"https:\/\/www.feuerwehrkostheim.de\/index.php?rest_route=%2Fwp%2Fv2%2Fcomments&post=2663"}],"version-history":[{"count":0,"href":"https:\/\/www.feuerwehrkostheim.de\/index.php?rest_route=\/wp\/v2\/posts\/2663\/revisions"}],"wp:attachment":[{"href":"https:\/\/www.feuerwehrkostheim.de\/index.php?rest_route=%2Fwp%2Fv2%2Fmedia&parent=2663"}],"wp:term":[{"taxonomy":"category","embeddable":true,"href":"https:\/\/www.feuerwehrkostheim.de\/index.php?rest_route=%2Fwp%2Fv2%2Fcategories&post=2663"},{"taxonomy":"post_tag","embeddable":true,"href":"https:\/\/www.feuerwehrkostheim.de\/index.php?rest_route=%2Fwp%2Fv2%2Ftags&post=2663"}],"curies":[{"name":"wp","href":"https:\/\/api.w.org\/{rel}","templated":true}]}}