{"id":2652,"date":"2015-07-28T22:53:27","date_gmt":"2015-07-28T20:53:27","guid":{"rendered":"http:\/\/www.feuerwehrkostheim.de\/?p=2652"},"modified":"2018-06-02T14:05:11","modified_gmt":"2018-06-02T13:05:11","slug":"heller-feuerschein-ueber-dem-gelaende-der-wilhelm-leuschner-schule","status":"publish","type":"post","link":"https:\/\/www.feuerwehrkostheim.de\/?p=2652","title":{"rendered":"Heller Feuerschein \u00fcber dem Gel\u00e4nde der Wilhelm-Leuschner-Schule"},"content":{"rendered":"<p><img loading=\"lazy\" decoding=\"async\" class=\"alignleft\" title=\"Einsatz-Logo\" src=\"http:\/\/www.feuerwehrkostheim.de\/wp-content\/bilder\/sonstige\/logo_einsatz.jpg\" alt=\"Einsatz-Logo\" width=\"100\" height=\"100\" \/><strong>28. Juli 2015 &#8211; 21:09 Uhr<\/strong><br \/>\n<strong>Steinern Stra\u00dfe 20 \/ WLS<\/strong><br \/>\nFF-Einheit<br \/>\nEinsatz 63 &#8211; 2015<\/p>\n<p>Gleich mehrere Notrufe gingen am Dienstagabend kurz nach 21 Uhr in der Wiesbadener Rettungsleitstelle ein und meldeten ein gr\u00f6\u00dferes Feuer auf dem Schulgel\u00e4nde der Wilhelm-Leuschner-Schule. Obwohl von brennenden M\u00fclltonnen berichtet wurde, alarmierte man nach Alarmstufe 1 den L\u00f6schzug der Berufsfeuerwehr sowie die FF Kostheim. Als das erste L\u00f6schfahrzeug vor Ort eintraf war der Flammenschein schon von weitem sichtbar. Da die Kameraden der Freiwilligen Wehr \u00fcber einen Schl\u00fcssel f\u00fcr die Schultore verf\u00fcgen, konnte die Brandstelle auf dem gro\u00dfen Schulhof \u00fcber die Zufahrt Im Sachsengraben direkt angefahren werden. Zum L\u00f6schen des Feuers, dass mittlerweile auf die angrenzende B\u00e4ume und Str\u00e4ucher \u00fcbergegriffen hatte wurde von einem Trupp unter Atemschutz ein Strahlrohr eingesetzt. Insgesamt brannten vier Gro\u00dfraumtonnen komplett nieder, zwei weitere Beh\u00e4lter sowie der benachbarte Gr\u00fcnzug wurden in Mitleidenschaft gezogen.<br \/>\n\u00dcber die Brandursache und Schadensh\u00f6he konnte zum Einsatzzeitpunkt keine Aussage getroffen werden. Eine Brandstiftung kann aber nicht ausgeschlossen werden. Der Einsatz konnte nach etwa einer Stunde beendet werden.<\/p>\n","protected":false},"excerpt":{"rendered":"<p>28. Juli 2015 &#8211; 21:09 Uhr Steinern Stra\u00dfe 20 \/ WLS FF-Einheit Einsatz 63 &#8211; 2015 Gleich mehrere Notrufe gingen am Dienstagabend kurz nach 21 Uhr in der Wiesbadener Rettungsleitstelle ein und meldeten ein gr\u00f6\u00dferes Feuer auf dem Schulgel\u00e4nde der Wilhelm-Leuschner-Schule. Obwohl von brennenden M\u00fclltonnen berichtet wurde, alarmierte man nach Alarmstufe 1 den L\u00f6schzug der [&hellip;]<\/p>\n","protected":false},"author":1,"featured_media":0,"comment_status":"closed","ping_status":"open","sticky":false,"template":"","format":"standard","meta":{"_et_pb_use_builder":"","_et_pb_old_content":"","_et_gb_content_width":"","_crdt_document":"","footnotes":""},"categories":[5],"tags":[420,31,49,48,771,359],"class_list":["post-2652","post","type-post","status-publish","format-standard","hentry","category-einsatze","tag-baum","tag-feuer","tag-gmt","tag-mulltonnen","tag-schule","tag-schulhof"],"_links":{"self":[{"href":"https:\/\/www.feuerwehrkostheim.de\/index.php?rest_route=\/wp\/v2\/posts\/2652","targetHints":{"allow":["GET"]}}],"collection":[{"href":"https:\/\/www.feuerwehrkostheim.de\/index.php?rest_route=\/wp\/v2\/posts"}],"about":[{"href":"https:\/\/www.feuerwehrkostheim.de\/index.php?rest_route=\/wp\/v2\/types\/post"}],"author":[{"embeddable":true,"href":"https:\/\/www.feuerwehrkostheim.de\/index.php?rest_route=\/wp\/v2\/users\/1"}],"replies":[{"embeddable":true,"href":"https:\/\/www.feuerwehrkostheim.de\/index.php?rest_route=%2Fwp%2Fv2%2Fcomments&post=2652"}],"version-history":[{"count":0,"href":"https:\/\/www.feuerwehrkostheim.de\/index.php?rest_route=\/wp\/v2\/posts\/2652\/revisions"}],"wp:attachment":[{"href":"https:\/\/www.feuerwehrkostheim.de\/index.php?rest_route=%2Fwp%2Fv2%2Fmedia&parent=2652"}],"wp:term":[{"taxonomy":"category","embeddable":true,"href":"https:\/\/www.feuerwehrkostheim.de\/index.php?rest_route=%2Fwp%2Fv2%2Fcategories&post=2652"},{"taxonomy":"post_tag","embeddable":true,"href":"https:\/\/www.feuerwehrkostheim.de\/index.php?rest_route=%2Fwp%2Fv2%2Ftags&post=2652"}],"curies":[{"name":"wp","href":"https:\/\/api.w.org\/{rel}","templated":true}]}}